{"id":10618,"date":"2022-11-03T17:10:49","date_gmt":"2022-11-03T16:10:49","guid":{"rendered":"https:\/\/wmp.mx\/el-dia-de-muertos-tradicion-y-fiesta-en-mexico\/"},"modified":"2022-11-03T17:10:49","modified_gmt":"2022-11-03T16:10:49","slug":"el-dia-de-muertos-tradicion-y-fiesta-en-mexico","status":"publish","type":"post","link":"https:\/\/wmp.mx\/es\/el-dia-de-muertos-tradicion-y-fiesta-en-mexico\/","title":{"rendered":"El D\u00eda de Muertos, tradici\u00f3n y fiesta en Mexico"},"content":{"rendered":"<p>Desde el 28 de octubre, en M\u00e9xico comenz\u00f3 a colocarse el altar del D\u00eda de Muertos 2022, una de las m\u00e1ximas representaciones de la festividad. Esta fecha representa el regreso de alguien m\u00e1s que la ausencia de esa persona, es por ese motivo que se recibe a las personas que ya no est\u00e1n con una ofrenda que contiene im\u00e1genes, una cruz, un copal e incienso, velas, agua, flores, calaveras, comida, pan y bebidas alcoh\u00f3licas, entre otras cosas.<\/p>\n<p>Es una tradici\u00f3n que se remonta desde la \u00e9poca prehisp\u00e1nica, en la cual, los residentes del territorio mexicano se encargan de homenajear a los difuntos durante los primeros dos d\u00edas de noviembre. El primero, generalmente se conmemora a los j\u00f3venes y en el segundo, las dedicatorias est\u00e1n dirigidas a los adultos.<\/p>\n<p>En ambos d\u00edas, los grupos familiares suelen visitar a sus seres queridos en los cementerios acompa\u00f1ados con m\u00fasica, alimentos y bebidas. En los estados de la Rep\u00fablica las fiestas var\u00edan en cuanto a los elementos que se utilizan y a las maneras en que se recuerda a los difuntos. Esta celebraci\u00f3n no se realiza s\u00f3lo en M\u00e9xico ya que tambi\u00e9n se replica en pa\u00edses como Guatemala, Estados Unidos, Costa Rica, Bolivia y Per\u00fa.<\/p>\n<blockquote><p>\u00bfTiene m\u00e1s dudas sobre la evoluci\u00f3n econ\u00f3mica actual de M\u00e9xico? No dude en ponerse en contacto con nosotros.<\/p><\/blockquote>\n","protected":false},"excerpt":{"rendered":"<p>Desde el 28 de octubre, en M\u00e9xico comenz\u00f3 a colocarse el altar del D\u00eda de Muertos 2022, una de las m\u00e1ximas representaciones de la festividad. Esta fecha representa el regreso de alguien m\u00e1s que la ausencia de esa persona, es por ese motivo que se recibe a las personas que ya no est\u00e1n con una [&hellip;]<\/p>\n","protected":false},"author":17,"featured_media":10623,"comment_status":"closed","ping_status":"closed","sticky":false,"template":"","format":"standard","meta":{"mc4wp_mailchimp_campaign":[],"footnotes":""},"categories":[40,1],"tags":[],"class_list":["post-10618","post","type-post","status-publish","format-standard","has-post-thumbnail","hentry","category-news-es","category-unkategorisiert"],"yoast_head":"<!-- This site is optimized with the Yoast SEO plugin v27.5 - https:\/\/yoast.com\/product\/yoast-seo-wordpress\/ -->\n<title>El D\u00eda de Muertos, tradici\u00f3n y fiesta en Mexico - WMP Mexico Advisors<\/title>\n<meta name=\"robots\" content=\"index, follow, max-snippet:-1, max-image-preview:large, max-video-preview:-1\" \/>\n<link rel=\"canonical\" href=\"https:\/\/wmp.mx\/el-dia-de-muertos-tradicion-y-fiesta-en-mexico\/\" \/>\n<meta property=\"og:locale\" content=\"es_ES\" \/>\n<meta property=\"og:type\" content=\"article\" \/>\n<meta property=\"og:title\" content=\"El D\u00eda de Muertos, tradici\u00f3n y fiesta en Mexico - WMP Mexico Advisors\" \/>\n<meta property=\"og:description\" content=\"Desde el 28 de octubre, en M\u00e9xico comenz\u00f3 a colocarse el altar del D\u00eda de Muertos 2022, una de las m\u00e1ximas representaciones de la festividad. Esta fecha representa el regreso de alguien m\u00e1s que la ausencia de esa persona, es por ese motivo que se recibe a las personas que ya no est\u00e1n con una [&hellip;]\" \/>\n<meta property=\"og:url\" content=\"https:\/\/wmp.mx\/el-dia-de-muertos-tradicion-y-fiesta-en-mexico\/\" \/>\n<meta property=\"og:site_name\" content=\"WMP Mexico Advisors\" \/>\n<meta property=\"article:published_time\" content=\"2022-11-03T16:10:49+00:00\" \/>\n<meta name=\"author\" content=\"Liv Winterfeldt\" \/>\n<meta name=\"twitter:card\" content=\"summary_large_image\" \/>\n<meta name=\"twitter:label1\" content=\"Written by\" \/>\n\t<meta name=\"twitter:data1\" content=\"Liv Winterfeldt\" \/>\n\t<meta name=\"twitter:label2\" content=\"Est. reading time\" \/>\n\t<meta name=\"twitter:data2\" content=\"1 minute\" \/>\n<script type=\"application\/ld+json\" class=\"yoast-schema-graph\">{\"@context\":\"https:\\\/\\\/schema.org\",\"@graph\":[{\"@type\":\"Article\",\"@id\":\"https:\\\/\\\/wmp.mx\\\/el-dia-de-muertos-tradicion-y-fiesta-en-mexico\\\/#article\",\"isPartOf\":{\"@id\":\"https:\\\/\\\/wmp.mx\\\/el-dia-de-muertos-tradicion-y-fiesta-en-mexico\\\/\"},\"author\":{\"name\":\"Liv Winterfeldt\",\"@id\":\"https:\\\/\\\/wmp.mx\\\/#\\\/schema\\\/person\\\/3c9538a21ca298c9e6eaab89731cf8f7\"},\"headline\":\"El D\u00eda de Muertos, tradici\u00f3n y fiesta en Mexico\",\"datePublished\":\"2022-11-03T16:10:49+00:00\",\"mainEntityOfPage\":{\"@id\":\"https:\\\/\\\/wmp.mx\\\/el-dia-de-muertos-tradicion-y-fiesta-en-mexico\\\/\"},\"wordCount\":254,\"image\":{\"@id\":\"https:\\\/\\\/wmp.mx\\\/el-dia-de-muertos-tradicion-y-fiesta-en-mexico\\\/#primaryimage\"},\"thumbnailUrl\":\"https:\\\/\\\/wmp.mx\\\/UP1\\\/wp-content\\\/uploads\\\/lugares-dia-muertos.jpg\",\"articleSection\":[\"News\",\"Unkategorisiert\"],\"inLanguage\":\"es-ES\"},{\"@type\":\"WebPage\",\"@id\":\"https:\\\/\\\/wmp.mx\\\/el-dia-de-muertos-tradicion-y-fiesta-en-mexico\\\/\",\"url\":\"https:\\\/\\\/wmp.mx\\\/el-dia-de-muertos-tradicion-y-fiesta-en-mexico\\\/\",\"name\":\"El D\u00eda de Muertos, tradici\u00f3n y fiesta en Mexico - WMP Mexico Advisors\",\"isPartOf\":{\"@id\":\"https:\\\/\\\/wmp.mx\\\/#website\"},\"primaryImageOfPage\":{\"@id\":\"https:\\\/\\\/wmp.mx\\\/el-dia-de-muertos-tradicion-y-fiesta-en-mexico\\\/#primaryimage\"},\"image\":{\"@id\":\"https:\\\/\\\/wmp.mx\\\/el-dia-de-muertos-tradicion-y-fiesta-en-mexico\\\/#primaryimage\"},\"thumbnailUrl\":\"https:\\\/\\\/wmp.mx\\\/UP1\\\/wp-content\\\/uploads\\\/lugares-dia-muertos.jpg\",\"datePublished\":\"2022-11-03T16:10:49+00:00\",\"author\":{\"@id\":\"https:\\\/\\\/wmp.mx\\\/#\\\/schema\\\/person\\\/3c9538a21ca298c9e6eaab89731cf8f7\"},\"breadcrumb\":{\"@id\":\"https:\\\/\\\/wmp.mx\\\/el-dia-de-muertos-tradicion-y-fiesta-en-mexico\\\/#breadcrumb\"},\"inLanguage\":\"es-ES\",\"potentialAction\":[{\"@type\":\"ReadAction\",\"target\":[\"https:\\\/\\\/wmp.mx\\\/el-dia-de-muertos-tradicion-y-fiesta-en-mexico\\\/\"]}]},{\"@type\":\"ImageObject\",\"inLanguage\":\"es-ES\",\"@id\":\"https:\\\/\\\/wmp.mx\\\/el-dia-de-muertos-tradicion-y-fiesta-en-mexico\\\/#primaryimage\",\"url\":\"https:\\\/\\\/wmp.mx\\\/UP1\\\/wp-content\\\/uploads\\\/lugares-dia-muertos.jpg\",\"contentUrl\":\"https:\\\/\\\/wmp.mx\\\/UP1\\\/wp-content\\\/uploads\\\/lugares-dia-muertos.jpg\",\"width\":1200,\"height\":630},{\"@type\":\"BreadcrumbList\",\"@id\":\"https:\\\/\\\/wmp.mx\\\/el-dia-de-muertos-tradicion-y-fiesta-en-mexico\\\/#breadcrumb\",\"itemListElement\":[{\"@type\":\"ListItem\",\"position\":1,\"name\":\"Startseite\",\"item\":\"https:\\\/\\\/wmp.mx\\\/es\\\/inicio\\\/\"},{\"@type\":\"ListItem\",\"position\":2,\"name\":\"El D\u00eda de Muertos, tradici\u00f3n y fiesta en Mexico\"}]},{\"@type\":\"WebSite\",\"@id\":\"https:\\\/\\\/wmp.mx\\\/#website\",\"url\":\"https:\\\/\\\/wmp.mx\\\/\",\"name\":\"WMP Mexico Advisors\",\"description\":\"Queretaro | Mexiko Stadt | Puebla | Stuttgart | Greenville\",\"potentialAction\":[{\"@type\":\"SearchAction\",\"target\":{\"@type\":\"EntryPoint\",\"urlTemplate\":\"https:\\\/\\\/wmp.mx\\\/?s={search_term_string}\"},\"query-input\":{\"@type\":\"PropertyValueSpecification\",\"valueRequired\":true,\"valueName\":\"search_term_string\"}}],\"inLanguage\":\"es-ES\"},{\"@type\":\"Person\",\"@id\":\"https:\\\/\\\/wmp.mx\\\/#\\\/schema\\\/person\\\/3c9538a21ca298c9e6eaab89731cf8f7\",\"name\":\"Liv Winterfeldt\",\"image\":{\"@type\":\"ImageObject\",\"inLanguage\":\"es-ES\",\"@id\":\"https:\\\/\\\/secure.gravatar.com\\\/avatar\\\/3d26b249f471b3d44d31916bb084e76206caac1239130bb66efe719c7cddd441?s=96&d=mm&r=g\",\"url\":\"https:\\\/\\\/secure.gravatar.com\\\/avatar\\\/3d26b249f471b3d44d31916bb084e76206caac1239130bb66efe719c7cddd441?s=96&d=mm&r=g\",\"contentUrl\":\"https:\\\/\\\/secure.gravatar.com\\\/avatar\\\/3d26b249f471b3d44d31916bb084e76206caac1239130bb66efe719c7cddd441?s=96&d=mm&r=g\",\"caption\":\"Liv Winterfeldt\"}}]}<\/script>\n<!-- \/ Yoast SEO plugin. -->","yoast_head_json":{"title":"El D\u00eda de Muertos, tradici\u00f3n y fiesta en Mexico - WMP Mexico Advisors","robots":{"index":"index","follow":"follow","max-snippet":"max-snippet:-1","max-image-preview":"max-image-preview:large","max-video-preview":"max-video-preview:-1"},"canonical":"https:\/\/wmp.mx\/el-dia-de-muertos-tradicion-y-fiesta-en-mexico\/","og_locale":"es_ES","og_type":"article","og_title":"El D\u00eda de Muertos, tradici\u00f3n y fiesta en Mexico - WMP Mexico Advisors","og_description":"Desde el 28 de octubre, en M\u00e9xico comenz\u00f3 a colocarse el altar del D\u00eda de Muertos 2022, una de las m\u00e1ximas representaciones de la festividad. Esta fecha representa el regreso de alguien m\u00e1s que la ausencia de esa persona, es por ese motivo que se recibe a las personas que ya no est\u00e1n con una [&hellip;]","og_url":"https:\/\/wmp.mx\/el-dia-de-muertos-tradicion-y-fiesta-en-mexico\/","og_site_name":"WMP Mexico Advisors","article_published_time":"2022-11-03T16:10:49+00:00","author":"Liv Winterfeldt","twitter_card":"summary_large_image","twitter_misc":{"Written by":"Liv Winterfeldt","Est. reading time":"1 minute"},"schema":{"@context":"https:\/\/schema.org","@graph":[{"@type":"Article","@id":"https:\/\/wmp.mx\/el-dia-de-muertos-tradicion-y-fiesta-en-mexico\/#article","isPartOf":{"@id":"https:\/\/wmp.mx\/el-dia-de-muertos-tradicion-y-fiesta-en-mexico\/"},"author":{"name":"Liv Winterfeldt","@id":"https:\/\/wmp.mx\/#\/schema\/person\/3c9538a21ca298c9e6eaab89731cf8f7"},"headline":"El D\u00eda de Muertos, tradici\u00f3n y fiesta en Mexico","datePublished":"2022-11-03T16:10:49+00:00","mainEntityOfPage":{"@id":"https:\/\/wmp.mx\/el-dia-de-muertos-tradicion-y-fiesta-en-mexico\/"},"wordCount":254,"image":{"@id":"https:\/\/wmp.mx\/el-dia-de-muertos-tradicion-y-fiesta-en-mexico\/#primaryimage"},"thumbnailUrl":"https:\/\/wmp.mx\/UP1\/wp-content\/uploads\/lugares-dia-muertos.jpg","articleSection":["News","Unkategorisiert"],"inLanguage":"es-ES"},{"@type":"WebPage","@id":"https:\/\/wmp.mx\/el-dia-de-muertos-tradicion-y-fiesta-en-mexico\/","url":"https:\/\/wmp.mx\/el-dia-de-muertos-tradicion-y-fiesta-en-mexico\/","name":"El D\u00eda de Muertos, tradici\u00f3n y fiesta en Mexico - WMP Mexico Advisors","isPartOf":{"@id":"https:\/\/wmp.mx\/#website"},"primaryImageOfPage":{"@id":"https:\/\/wmp.mx\/el-dia-de-muertos-tradicion-y-fiesta-en-mexico\/#primaryimage"},"image":{"@id":"https:\/\/wmp.mx\/el-dia-de-muertos-tradicion-y-fiesta-en-mexico\/#primaryimage"},"thumbnailUrl":"https:\/\/wmp.mx\/UP1\/wp-content\/uploads\/lugares-dia-muertos.jpg","datePublished":"2022-11-03T16:10:49+00:00","author":{"@id":"https:\/\/wmp.mx\/#\/schema\/person\/3c9538a21ca298c9e6eaab89731cf8f7"},"breadcrumb":{"@id":"https:\/\/wmp.mx\/el-dia-de-muertos-tradicion-y-fiesta-en-mexico\/#breadcrumb"},"inLanguage":"es-ES","potentialAction":[{"@type":"ReadAction","target":["https:\/\/wmp.mx\/el-dia-de-muertos-tradicion-y-fiesta-en-mexico\/"]}]},{"@type":"ImageObject","inLanguage":"es-ES","@id":"https:\/\/wmp.mx\/el-dia-de-muertos-tradicion-y-fiesta-en-mexico\/#primaryimage","url":"https:\/\/wmp.mx\/UP1\/wp-content\/uploads\/lugares-dia-muertos.jpg","contentUrl":"https:\/\/wmp.mx\/UP1\/wp-content\/uploads\/lugares-dia-muertos.jpg","width":1200,"height":630},{"@type":"BreadcrumbList","@id":"https:\/\/wmp.mx\/el-dia-de-muertos-tradicion-y-fiesta-en-mexico\/#breadcrumb","itemListElement":[{"@type":"ListItem","position":1,"name":"Startseite","item":"https:\/\/wmp.mx\/es\/inicio\/"},{"@type":"ListItem","position":2,"name":"El D\u00eda de Muertos, tradici\u00f3n y fiesta en Mexico"}]},{"@type":"WebSite","@id":"https:\/\/wmp.mx\/#website","url":"https:\/\/wmp.mx\/","name":"WMP Mexico Advisors","description":"Queretaro | Mexiko Stadt | Puebla | Stuttgart | Greenville","potentialAction":[{"@type":"SearchAction","target":{"@type":"EntryPoint","urlTemplate":"https:\/\/wmp.mx\/?s={search_term_string}"},"query-input":{"@type":"PropertyValueSpecification","valueRequired":true,"valueName":"search_term_string"}}],"inLanguage":"es-ES"},{"@type":"Person","@id":"https:\/\/wmp.mx\/#\/schema\/person\/3c9538a21ca298c9e6eaab89731cf8f7","name":"Liv Winterfeldt","image":{"@type":"ImageObject","inLanguage":"es-ES","@id":"https:\/\/secure.gravatar.com\/avatar\/3d26b249f471b3d44d31916bb084e76206caac1239130bb66efe719c7cddd441?s=96&d=mm&r=g","url":"https:\/\/secure.gravatar.com\/avatar\/3d26b249f471b3d44d31916bb084e76206caac1239130bb66efe719c7cddd441?s=96&d=mm&r=g","contentUrl":"https:\/\/secure.gravatar.com\/avatar\/3d26b249f471b3d44d31916bb084e76206caac1239130bb66efe719c7cddd441?s=96&d=mm&r=g","caption":"Liv Winterfeldt"}}]}},"_links":{"self":[{"href":"https:\/\/wmp.mx\/es\/wp-json\/wp\/v2\/posts\/10618","targetHints":{"allow":["GET"]}}],"collection":[{"href":"https:\/\/wmp.mx\/es\/wp-json\/wp\/v2\/posts"}],"about":[{"href":"https:\/\/wmp.mx\/es\/wp-json\/wp\/v2\/types\/post"}],"author":[{"embeddable":true,"href":"https:\/\/wmp.mx\/es\/wp-json\/wp\/v2\/users\/17"}],"replies":[{"embeddable":true,"href":"https:\/\/wmp.mx\/es\/wp-json\/wp\/v2\/comments?post=10618"}],"version-history":[{"count":0,"href":"https:\/\/wmp.mx\/es\/wp-json\/wp\/v2\/posts\/10618\/revisions"}],"wp:featuredmedia":[{"embeddable":true,"href":"https:\/\/wmp.mx\/es\/wp-json\/wp\/v2\/media\/10623"}],"wp:attachment":[{"href":"https:\/\/wmp.mx\/es\/wp-json\/wp\/v2\/media?parent=10618"}],"wp:term":[{"taxonomy":"category","embeddable":true,"href":"https:\/\/wmp.mx\/es\/wp-json\/wp\/v2\/categories?post=10618"},{"taxonomy":"post_tag","embeddable":true,"href":"https:\/\/wmp.mx\/es\/wp-json\/wp\/v2\/tags?post=10618"}],"curies":[{"name":"wp","href":"https:\/\/api.w.org\/{rel}","templated":true}]}}