{"id":10717,"date":"2022-11-16T22:30:18","date_gmt":"2022-11-16T21:30:18","guid":{"rendered":"https:\/\/wmp.mx\/mejora-de-las-condiciones-de-trabajo-en-mexico\/"},"modified":"2022-11-16T22:30:18","modified_gmt":"2022-11-16T21:30:18","slug":"mejora-de-las-condiciones-de-trabajo-en-mexico","status":"publish","type":"post","link":"https:\/\/wmp.mx\/es\/mejora-de-las-condiciones-de-trabajo-en-mexico\/","title":{"rendered":"Mejora de las condiciones de trabajo en M\u00e9xico"},"content":{"rendered":"<p>La semana pasada, la C\u00e1mara de Senadores aprob\u00f3 las reformas a la Ley Federal del Trabajo a fin de incrementar los d\u00edas de asueto pagados, que en el primer a\u00f1o de labores ser\u00e1n de 12, el doble de lo que rige actualmente.\u201cEl aumento encarecer\u00e1 2 por ciento la mano de obra, pero esto ayudar\u00e1 a mejorar la productividad\u201d, asegur\u00f3 el directivo en una reuni\u00f3n con medios.<\/p>\n<p>Beatriz Robles, directora de operaciones y cuentas del corporativo, se\u00f1al\u00f3 que el efecto se ver\u00e1 de forma gradual el siguiente a\u00f1o y no de inmediato, ya que la reforma no es retroactiva. Sin embargo, precis\u00f3 Alesi, las modificaciones permitir\u00e1n aumentar la productividad en las empresas. \u201cEsto va a ayudar much\u00edsimo a mejorarla, hay estudios que insisten en que la gente quiere empleos sustentables, que comulguen con sus valores y tengan sentido de pertenencia; parte de esto, definitivamente, va a funcionar mejor ese sentido de pertenencia.\u201d Agreg\u00f3 que si bien puede parecer mucho el incremento, en Latinoam\u00e9rica las empresas otorgan 20 o 30 d\u00edas m\u00e1s de los que actualmente hay aqu\u00ed. Tan s\u00f3lo en Panam\u00e1 desde el primer a\u00f1o son 30 d\u00edas, \u201cpor lo que esta ley va a traer m\u00e1s beneficios en el \u00e1mbito laboral\u201d.<\/p>\n<p>El efecto negativo que habr\u00e1 \u201ces por el tema del remplazo de personal, m\u00e1s en las peque\u00f1as y medianas empresas\u201d.<\/p>\n<blockquote><p>\u00bfTiene m\u00e1s dudas sobre la evoluci\u00f3n econ\u00f3mica actual de M\u00e9xico? No dude en ponerse en contacto con nosotros.<\/p><\/blockquote>\n","protected":false},"excerpt":{"rendered":"<p>La semana pasada, la C\u00e1mara de Senadores aprob\u00f3 las reformas a la Ley Federal del Trabajo a fin de incrementar los d\u00edas de asueto pagados, que en el primer a\u00f1o de labores ser\u00e1n de 12, el doble de lo que rige actualmente.\u201cEl aumento encarecer\u00e1 2 por ciento la mano de obra, pero esto ayudar\u00e1 a [&hellip;]<\/p>\n","protected":false},"author":17,"featured_media":10712,"comment_status":"closed","ping_status":"closed","sticky":false,"template":"","format":"standard","meta":{"mc4wp_mailchimp_campaign":[],"footnotes":""},"categories":[40],"tags":[],"class_list":["post-10717","post","type-post","status-publish","format-standard","has-post-thumbnail","hentry","category-news-es"],"yoast_head":"<!-- This site is optimized with the Yoast SEO plugin v27.4 - https:\/\/yoast.com\/product\/yoast-seo-wordpress\/ -->\n<title>Mejora de las condiciones de trabajo en M\u00e9xico - WMP Mexico Advisors<\/title>\n<meta name=\"robots\" content=\"index, follow, max-snippet:-1, max-image-preview:large, max-video-preview:-1\" \/>\n<link rel=\"canonical\" href=\"https:\/\/wmp.mx\/verbesserte-arbeitsbedingungen-in-mexico\/\" \/>\n<meta property=\"og:locale\" content=\"es_ES\" \/>\n<meta property=\"og:type\" content=\"article\" \/>\n<meta property=\"og:title\" content=\"Mejora de las condiciones de trabajo en M\u00e9xico - WMP Mexico Advisors\" \/>\n<meta property=\"og:description\" content=\"La semana pasada, la C\u00e1mara de Senadores aprob\u00f3 las reformas a la Ley Federal del Trabajo a fin de incrementar los d\u00edas de asueto pagados, que en el primer a\u00f1o de labores ser\u00e1n de 12, el doble de lo que rige actualmente.\u201cEl aumento encarecer\u00e1 2 por ciento la mano de obra, pero esto ayudar\u00e1 a [&hellip;]\" \/>\n<meta property=\"og:url\" content=\"https:\/\/wmp.mx\/verbesserte-arbeitsbedingungen-in-mexico\/\" \/>\n<meta property=\"og:site_name\" content=\"WMP Mexico Advisors\" \/>\n<meta property=\"article:published_time\" content=\"2022-11-16T21:30:18+00:00\" \/>\n<meta property=\"og:image\" content=\"https:\/\/wmp.mx\/UP1\/wp-content\/uploads\/kreative-geschaeftsleute-auf-businessprojekt-im-buero.jpg\" \/>\n\t<meta property=\"og:image:width\" content=\"835\" \/>\n\t<meta property=\"og:image:height\" content=\"350\" \/>\n\t<meta property=\"og:image:type\" content=\"image\/jpeg\" \/>\n<meta name=\"author\" content=\"Liv Winterfeldt\" \/>\n<meta name=\"twitter:card\" content=\"summary_large_image\" \/>\n<meta name=\"twitter:label1\" content=\"Written by\" \/>\n\t<meta name=\"twitter:data1\" content=\"Liv Winterfeldt\" \/>\n\t<meta name=\"twitter:label2\" content=\"Est. reading time\" \/>\n\t<meta name=\"twitter:data2\" content=\"1 minute\" \/>\n<script type=\"application\/ld+json\" class=\"yoast-schema-graph\">{\"@context\":\"https:\\\/\\\/schema.org\",\"@graph\":[{\"@type\":\"Article\",\"@id\":\"https:\\\/\\\/wmp.mx\\\/verbesserte-arbeitsbedingungen-in-mexico\\\/#article\",\"isPartOf\":{\"@id\":\"https:\\\/\\\/wmp.mx\\\/verbesserte-arbeitsbedingungen-in-mexico\\\/\"},\"author\":{\"name\":\"Liv Winterfeldt\",\"@id\":\"https:\\\/\\\/wmp.mx\\\/#\\\/schema\\\/person\\\/3c9538a21ca298c9e6eaab89731cf8f7\"},\"headline\":\"Mejora de las condiciones de trabajo en M\u00e9xico\",\"datePublished\":\"2022-11-16T21:30:18+00:00\",\"mainEntityOfPage\":{\"@id\":\"https:\\\/\\\/wmp.mx\\\/verbesserte-arbeitsbedingungen-in-mexico\\\/\"},\"wordCount\":266,\"image\":{\"@id\":\"https:\\\/\\\/wmp.mx\\\/verbesserte-arbeitsbedingungen-in-mexico\\\/#primaryimage\"},\"thumbnailUrl\":\"https:\\\/\\\/wmp.mx\\\/UP1\\\/wp-content\\\/uploads\\\/kreative-geschaeftsleute-auf-businessprojekt-im-buero.jpg\",\"articleSection\":[\"News\"],\"inLanguage\":\"es-ES\"},{\"@type\":\"WebPage\",\"@id\":\"https:\\\/\\\/wmp.mx\\\/verbesserte-arbeitsbedingungen-in-mexico\\\/\",\"url\":\"https:\\\/\\\/wmp.mx\\\/verbesserte-arbeitsbedingungen-in-mexico\\\/\",\"name\":\"Mejora de las condiciones de trabajo en M\u00e9xico - WMP Mexico Advisors\",\"isPartOf\":{\"@id\":\"https:\\\/\\\/wmp.mx\\\/#website\"},\"primaryImageOfPage\":{\"@id\":\"https:\\\/\\\/wmp.mx\\\/verbesserte-arbeitsbedingungen-in-mexico\\\/#primaryimage\"},\"image\":{\"@id\":\"https:\\\/\\\/wmp.mx\\\/verbesserte-arbeitsbedingungen-in-mexico\\\/#primaryimage\"},\"thumbnailUrl\":\"https:\\\/\\\/wmp.mx\\\/UP1\\\/wp-content\\\/uploads\\\/kreative-geschaeftsleute-auf-businessprojekt-im-buero.jpg\",\"datePublished\":\"2022-11-16T21:30:18+00:00\",\"author\":{\"@id\":\"https:\\\/\\\/wmp.mx\\\/#\\\/schema\\\/person\\\/3c9538a21ca298c9e6eaab89731cf8f7\"},\"breadcrumb\":{\"@id\":\"https:\\\/\\\/wmp.mx\\\/verbesserte-arbeitsbedingungen-in-mexico\\\/#breadcrumb\"},\"inLanguage\":\"es-ES\",\"potentialAction\":[{\"@type\":\"ReadAction\",\"target\":[\"https:\\\/\\\/wmp.mx\\\/verbesserte-arbeitsbedingungen-in-mexico\\\/\"]}]},{\"@type\":\"ImageObject\",\"inLanguage\":\"es-ES\",\"@id\":\"https:\\\/\\\/wmp.mx\\\/verbesserte-arbeitsbedingungen-in-mexico\\\/#primaryimage\",\"url\":\"https:\\\/\\\/wmp.mx\\\/UP1\\\/wp-content\\\/uploads\\\/kreative-geschaeftsleute-auf-businessprojekt-im-buero.jpg\",\"contentUrl\":\"https:\\\/\\\/wmp.mx\\\/UP1\\\/wp-content\\\/uploads\\\/kreative-geschaeftsleute-auf-businessprojekt-im-buero.jpg\",\"width\":835,\"height\":350},{\"@type\":\"BreadcrumbList\",\"@id\":\"https:\\\/\\\/wmp.mx\\\/verbesserte-arbeitsbedingungen-in-mexico\\\/#breadcrumb\",\"itemListElement\":[{\"@type\":\"ListItem\",\"position\":1,\"name\":\"Startseite\",\"item\":\"https:\\\/\\\/wmp.mx\\\/es\\\/inicio\\\/\"},{\"@type\":\"ListItem\",\"position\":2,\"name\":\"Mejora de las condiciones de trabajo en M\u00e9xico\"}]},{\"@type\":\"WebSite\",\"@id\":\"https:\\\/\\\/wmp.mx\\\/#website\",\"url\":\"https:\\\/\\\/wmp.mx\\\/\",\"name\":\"WMP Mexico Advisors\",\"description\":\"Queretaro | Mexiko Stadt | Puebla | Stuttgart | Greenville\",\"potentialAction\":[{\"@type\":\"SearchAction\",\"target\":{\"@type\":\"EntryPoint\",\"urlTemplate\":\"https:\\\/\\\/wmp.mx\\\/?s={search_term_string}\"},\"query-input\":{\"@type\":\"PropertyValueSpecification\",\"valueRequired\":true,\"valueName\":\"search_term_string\"}}],\"inLanguage\":\"es-ES\"},{\"@type\":\"Person\",\"@id\":\"https:\\\/\\\/wmp.mx\\\/#\\\/schema\\\/person\\\/3c9538a21ca298c9e6eaab89731cf8f7\",\"name\":\"Liv Winterfeldt\",\"image\":{\"@type\":\"ImageObject\",\"inLanguage\":\"es-ES\",\"@id\":\"https:\\\/\\\/secure.gravatar.com\\\/avatar\\\/3d26b249f471b3d44d31916bb084e76206caac1239130bb66efe719c7cddd441?s=96&d=mm&r=g\",\"url\":\"https:\\\/\\\/secure.gravatar.com\\\/avatar\\\/3d26b249f471b3d44d31916bb084e76206caac1239130bb66efe719c7cddd441?s=96&d=mm&r=g\",\"contentUrl\":\"https:\\\/\\\/secure.gravatar.com\\\/avatar\\\/3d26b249f471b3d44d31916bb084e76206caac1239130bb66efe719c7cddd441?s=96&d=mm&r=g\",\"caption\":\"Liv Winterfeldt\"}}]}<\/script>\n<!-- \/ Yoast SEO plugin. -->","yoast_head_json":{"title":"Mejora de las condiciones de trabajo en M\u00e9xico - WMP Mexico Advisors","robots":{"index":"index","follow":"follow","max-snippet":"max-snippet:-1","max-image-preview":"max-image-preview:large","max-video-preview":"max-video-preview:-1"},"canonical":"https:\/\/wmp.mx\/verbesserte-arbeitsbedingungen-in-mexico\/","og_locale":"es_ES","og_type":"article","og_title":"Mejora de las condiciones de trabajo en M\u00e9xico - WMP Mexico Advisors","og_description":"La semana pasada, la C\u00e1mara de Senadores aprob\u00f3 las reformas a la Ley Federal del Trabajo a fin de incrementar los d\u00edas de asueto pagados, que en el primer a\u00f1o de labores ser\u00e1n de 12, el doble de lo que rige actualmente.\u201cEl aumento encarecer\u00e1 2 por ciento la mano de obra, pero esto ayudar\u00e1 a [&hellip;]","og_url":"https:\/\/wmp.mx\/verbesserte-arbeitsbedingungen-in-mexico\/","og_site_name":"WMP Mexico Advisors","article_published_time":"2022-11-16T21:30:18+00:00","og_image":[{"width":835,"height":350,"url":"https:\/\/wmp.mx\/UP1\/wp-content\/uploads\/kreative-geschaeftsleute-auf-businessprojekt-im-buero.jpg","type":"image\/jpeg"}],"author":"Liv Winterfeldt","twitter_card":"summary_large_image","twitter_misc":{"Written by":"Liv Winterfeldt","Est. reading time":"1 minute"},"schema":{"@context":"https:\/\/schema.org","@graph":[{"@type":"Article","@id":"https:\/\/wmp.mx\/verbesserte-arbeitsbedingungen-in-mexico\/#article","isPartOf":{"@id":"https:\/\/wmp.mx\/verbesserte-arbeitsbedingungen-in-mexico\/"},"author":{"name":"Liv Winterfeldt","@id":"https:\/\/wmp.mx\/#\/schema\/person\/3c9538a21ca298c9e6eaab89731cf8f7"},"headline":"Mejora de las condiciones de trabajo en M\u00e9xico","datePublished":"2022-11-16T21:30:18+00:00","mainEntityOfPage":{"@id":"https:\/\/wmp.mx\/verbesserte-arbeitsbedingungen-in-mexico\/"},"wordCount":266,"image":{"@id":"https:\/\/wmp.mx\/verbesserte-arbeitsbedingungen-in-mexico\/#primaryimage"},"thumbnailUrl":"https:\/\/wmp.mx\/UP1\/wp-content\/uploads\/kreative-geschaeftsleute-auf-businessprojekt-im-buero.jpg","articleSection":["News"],"inLanguage":"es-ES"},{"@type":"WebPage","@id":"https:\/\/wmp.mx\/verbesserte-arbeitsbedingungen-in-mexico\/","url":"https:\/\/wmp.mx\/verbesserte-arbeitsbedingungen-in-mexico\/","name":"Mejora de las condiciones de trabajo en M\u00e9xico - WMP Mexico Advisors","isPartOf":{"@id":"https:\/\/wmp.mx\/#website"},"primaryImageOfPage":{"@id":"https:\/\/wmp.mx\/verbesserte-arbeitsbedingungen-in-mexico\/#primaryimage"},"image":{"@id":"https:\/\/wmp.mx\/verbesserte-arbeitsbedingungen-in-mexico\/#primaryimage"},"thumbnailUrl":"https:\/\/wmp.mx\/UP1\/wp-content\/uploads\/kreative-geschaeftsleute-auf-businessprojekt-im-buero.jpg","datePublished":"2022-11-16T21:30:18+00:00","author":{"@id":"https:\/\/wmp.mx\/#\/schema\/person\/3c9538a21ca298c9e6eaab89731cf8f7"},"breadcrumb":{"@id":"https:\/\/wmp.mx\/verbesserte-arbeitsbedingungen-in-mexico\/#breadcrumb"},"inLanguage":"es-ES","potentialAction":[{"@type":"ReadAction","target":["https:\/\/wmp.mx\/verbesserte-arbeitsbedingungen-in-mexico\/"]}]},{"@type":"ImageObject","inLanguage":"es-ES","@id":"https:\/\/wmp.mx\/verbesserte-arbeitsbedingungen-in-mexico\/#primaryimage","url":"https:\/\/wmp.mx\/UP1\/wp-content\/uploads\/kreative-geschaeftsleute-auf-businessprojekt-im-buero.jpg","contentUrl":"https:\/\/wmp.mx\/UP1\/wp-content\/uploads\/kreative-geschaeftsleute-auf-businessprojekt-im-buero.jpg","width":835,"height":350},{"@type":"BreadcrumbList","@id":"https:\/\/wmp.mx\/verbesserte-arbeitsbedingungen-in-mexico\/#breadcrumb","itemListElement":[{"@type":"ListItem","position":1,"name":"Startseite","item":"https:\/\/wmp.mx\/es\/inicio\/"},{"@type":"ListItem","position":2,"name":"Mejora de las condiciones de trabajo en M\u00e9xico"}]},{"@type":"WebSite","@id":"https:\/\/wmp.mx\/#website","url":"https:\/\/wmp.mx\/","name":"WMP Mexico Advisors","description":"Queretaro | Mexiko Stadt | Puebla | Stuttgart | Greenville","potentialAction":[{"@type":"SearchAction","target":{"@type":"EntryPoint","urlTemplate":"https:\/\/wmp.mx\/?s={search_term_string}"},"query-input":{"@type":"PropertyValueSpecification","valueRequired":true,"valueName":"search_term_string"}}],"inLanguage":"es-ES"},{"@type":"Person","@id":"https:\/\/wmp.mx\/#\/schema\/person\/3c9538a21ca298c9e6eaab89731cf8f7","name":"Liv Winterfeldt","image":{"@type":"ImageObject","inLanguage":"es-ES","@id":"https:\/\/secure.gravatar.com\/avatar\/3d26b249f471b3d44d31916bb084e76206caac1239130bb66efe719c7cddd441?s=96&d=mm&r=g","url":"https:\/\/secure.gravatar.com\/avatar\/3d26b249f471b3d44d31916bb084e76206caac1239130bb66efe719c7cddd441?s=96&d=mm&r=g","contentUrl":"https:\/\/secure.gravatar.com\/avatar\/3d26b249f471b3d44d31916bb084e76206caac1239130bb66efe719c7cddd441?s=96&d=mm&r=g","caption":"Liv Winterfeldt"}}]}},"_links":{"self":[{"href":"https:\/\/wmp.mx\/es\/wp-json\/wp\/v2\/posts\/10717","targetHints":{"allow":["GET"]}}],"collection":[{"href":"https:\/\/wmp.mx\/es\/wp-json\/wp\/v2\/posts"}],"about":[{"href":"https:\/\/wmp.mx\/es\/wp-json\/wp\/v2\/types\/post"}],"author":[{"embeddable":true,"href":"https:\/\/wmp.mx\/es\/wp-json\/wp\/v2\/users\/17"}],"replies":[{"embeddable":true,"href":"https:\/\/wmp.mx\/es\/wp-json\/wp\/v2\/comments?post=10717"}],"version-history":[{"count":0,"href":"https:\/\/wmp.mx\/es\/wp-json\/wp\/v2\/posts\/10717\/revisions"}],"wp:featuredmedia":[{"embeddable":true,"href":"https:\/\/wmp.mx\/es\/wp-json\/wp\/v2\/media\/10712"}],"wp:attachment":[{"href":"https:\/\/wmp.mx\/es\/wp-json\/wp\/v2\/media?parent=10717"}],"wp:term":[{"taxonomy":"category","embeddable":true,"href":"https:\/\/wmp.mx\/es\/wp-json\/wp\/v2\/categories?post=10717"},{"taxonomy":"post_tag","embeddable":true,"href":"https:\/\/wmp.mx\/es\/wp-json\/wp\/v2\/tags?post=10717"}],"curies":[{"name":"wp","href":"https:\/\/api.w.org\/{rel}","templated":true}]}}