{"id":10797,"date":"2022-12-19T16:27:10","date_gmt":"2022-12-19T15:27:10","guid":{"rendered":"https:\/\/wmp.mx\/la-industria-aeronautica-mexicana-recibe-un-reconocimiento-internacional\/"},"modified":"2022-12-19T16:27:10","modified_gmt":"2022-12-19T15:27:10","slug":"la-industria-aeronautica-mexicana-recibe-un-reconocimiento-internacional","status":"publish","type":"post","link":"https:\/\/wmp.mx\/es\/la-industria-aeronautica-mexicana-recibe-un-reconocimiento-internacional\/","title":{"rendered":"La industria aeron\u00e1utica mexicana recibe un reconocimiento internacional"},"content":{"rendered":"<p>El \u00cdndice de Competitividad de la Aviaci\u00f3n sit\u00faa a M\u00e9xico a la cabeza. A pesar de ello, M\u00e9xico ha dado un importante giro positivo desde la pandemia de COVID 19, que afect\u00f3 gravemente a la industria. Entre marzo y abril de 2020, el tr\u00e1fico a\u00e9reo de pasajeros en Am\u00e9rica Latina y el Caribe cay\u00f3 m\u00e1s del 90%, pero la industria de la aviaci\u00f3n de M\u00e9xico se ha recuperado r\u00e1pidamente. ALTA elogi\u00f3 la excelente conectividad, accesibilidad y pol\u00edticas de transporte a\u00e9reo del pa\u00eds.<\/p>\n<p>&#8220;Los tres pa\u00edses m\u00e1s competitivos en el \u00edndice de competitividad son M\u00e9xico, Brasil y Panam\u00e1. M\u00e9xico destaca por su alto nivel de conectividad y sus pol\u00edticas de transporte a\u00e9reo, as\u00ed como por los mercados a los que un ciudadano mexicano puede acceder sin necesidad de visado&#8221;, se\u00f1al\u00f3 ALTA.<\/p>\n<p>El ACA premi\u00f3 al Aeropuerto Internacional de Puerto Vallarta, al Aeropuerto Internacional de Aguascalientes y al Aeropuerto Internacional de Guanajuato por alcanzar el Nivel 3 de la Fase de Optimizaci\u00f3n. S\u00f3lo hay 11 aeropuertos en Am\u00e9rica Latina y el Caribe con esta certificaci\u00f3n.<\/p>\n<blockquote><p>\u00bfTiene m\u00e1s dudas sobre la evoluci\u00f3n econ\u00f3mica actual de M\u00e9xico? No dude en ponerse en contacto con nosotros.<\/p><\/blockquote>\n","protected":false},"excerpt":{"rendered":"<p>El \u00cdndice de Competitividad de la Aviaci\u00f3n sit\u00faa a M\u00e9xico a la cabeza. A pesar de ello, M\u00e9xico ha dado un importante giro positivo desde la pandemia de COVID 19, que afect\u00f3 gravemente a la industria. Entre marzo y abril de 2020, el tr\u00e1fico a\u00e9reo de pasajeros en Am\u00e9rica Latina y el Caribe cay\u00f3 m\u00e1s [&hellip;]<\/p>\n","protected":false},"author":17,"featured_media":10803,"comment_status":"closed","ping_status":"closed","sticky":false,"template":"","format":"standard","meta":{"mc4wp_mailchimp_campaign":[],"footnotes":""},"categories":[40,1],"tags":[],"class_list":["post-10797","post","type-post","status-publish","format-standard","has-post-thumbnail","hentry","category-news-es","category-unkategorisiert"],"yoast_head":"<!-- This site is optimized with the Yoast SEO plugin v27.4 - https:\/\/yoast.com\/product\/yoast-seo-wordpress\/ -->\n<title>La industria aeron\u00e1utica mexicana recibe un reconocimiento internacional - WMP Mexico Advisors<\/title>\n<meta name=\"robots\" content=\"index, follow, max-snippet:-1, max-image-preview:large, max-video-preview:-1\" \/>\n<link rel=\"canonical\" href=\"https:\/\/wmp.mx\/la-industria-aeronautica-mexicana-recibe-un-reconocimiento-internacional\/\" \/>\n<meta property=\"og:locale\" content=\"es_ES\" \/>\n<meta property=\"og:type\" content=\"article\" \/>\n<meta property=\"og:title\" content=\"La industria aeron\u00e1utica mexicana recibe un reconocimiento internacional - WMP Mexico Advisors\" \/>\n<meta property=\"og:description\" content=\"El \u00cdndice de Competitividad de la Aviaci\u00f3n sit\u00faa a M\u00e9xico a la cabeza. A pesar de ello, M\u00e9xico ha dado un importante giro positivo desde la pandemia de COVID 19, que afect\u00f3 gravemente a la industria. Entre marzo y abril de 2020, el tr\u00e1fico a\u00e9reo de pasajeros en Am\u00e9rica Latina y el Caribe cay\u00f3 m\u00e1s [&hellip;]\" \/>\n<meta property=\"og:url\" content=\"https:\/\/wmp.mx\/la-industria-aeronautica-mexicana-recibe-un-reconocimiento-internacional\/\" \/>\n<meta property=\"og:site_name\" content=\"WMP Mexico Advisors\" \/>\n<meta property=\"article:published_time\" content=\"2022-12-19T15:27:10+00:00\" \/>\n<meta name=\"author\" content=\"Liv Winterfeldt\" \/>\n<meta name=\"twitter:card\" content=\"summary_large_image\" \/>\n<meta name=\"twitter:label1\" content=\"Written by\" \/>\n\t<meta name=\"twitter:data1\" content=\"Liv Winterfeldt\" \/>\n\t<meta name=\"twitter:label2\" content=\"Est. reading time\" \/>\n\t<meta name=\"twitter:data2\" content=\"1 minute\" \/>\n<script type=\"application\/ld+json\" class=\"yoast-schema-graph\">{\"@context\":\"https:\\\/\\\/schema.org\",\"@graph\":[{\"@type\":\"Article\",\"@id\":\"https:\\\/\\\/wmp.mx\\\/la-industria-aeronautica-mexicana-recibe-un-reconocimiento-internacional\\\/#article\",\"isPartOf\":{\"@id\":\"https:\\\/\\\/wmp.mx\\\/la-industria-aeronautica-mexicana-recibe-un-reconocimiento-internacional\\\/\"},\"author\":{\"name\":\"Liv Winterfeldt\",\"@id\":\"https:\\\/\\\/wmp.mx\\\/#\\\/schema\\\/person\\\/3c9538a21ca298c9e6eaab89731cf8f7\"},\"headline\":\"La industria aeron\u00e1utica mexicana recibe un reconocimiento internacional\",\"datePublished\":\"2022-12-19T15:27:10+00:00\",\"mainEntityOfPage\":{\"@id\":\"https:\\\/\\\/wmp.mx\\\/la-industria-aeronautica-mexicana-recibe-un-reconocimiento-internacional\\\/\"},\"wordCount\":224,\"image\":{\"@id\":\"https:\\\/\\\/wmp.mx\\\/la-industria-aeronautica-mexicana-recibe-un-reconocimiento-internacional\\\/#primaryimage\"},\"thumbnailUrl\":\"https:\\\/\\\/wmp.mx\\\/UP1\\\/wp-content\\\/uploads\\\/OIP-1.jpg\",\"articleSection\":[\"News\",\"Unkategorisiert\"],\"inLanguage\":\"es-ES\"},{\"@type\":\"WebPage\",\"@id\":\"https:\\\/\\\/wmp.mx\\\/la-industria-aeronautica-mexicana-recibe-un-reconocimiento-internacional\\\/\",\"url\":\"https:\\\/\\\/wmp.mx\\\/la-industria-aeronautica-mexicana-recibe-un-reconocimiento-internacional\\\/\",\"name\":\"La industria aeron\u00e1utica mexicana recibe un reconocimiento internacional - WMP Mexico Advisors\",\"isPartOf\":{\"@id\":\"https:\\\/\\\/wmp.mx\\\/#website\"},\"primaryImageOfPage\":{\"@id\":\"https:\\\/\\\/wmp.mx\\\/la-industria-aeronautica-mexicana-recibe-un-reconocimiento-internacional\\\/#primaryimage\"},\"image\":{\"@id\":\"https:\\\/\\\/wmp.mx\\\/la-industria-aeronautica-mexicana-recibe-un-reconocimiento-internacional\\\/#primaryimage\"},\"thumbnailUrl\":\"https:\\\/\\\/wmp.mx\\\/UP1\\\/wp-content\\\/uploads\\\/OIP-1.jpg\",\"datePublished\":\"2022-12-19T15:27:10+00:00\",\"author\":{\"@id\":\"https:\\\/\\\/wmp.mx\\\/#\\\/schema\\\/person\\\/3c9538a21ca298c9e6eaab89731cf8f7\"},\"breadcrumb\":{\"@id\":\"https:\\\/\\\/wmp.mx\\\/la-industria-aeronautica-mexicana-recibe-un-reconocimiento-internacional\\\/#breadcrumb\"},\"inLanguage\":\"es-ES\",\"potentialAction\":[{\"@type\":\"ReadAction\",\"target\":[\"https:\\\/\\\/wmp.mx\\\/la-industria-aeronautica-mexicana-recibe-un-reconocimiento-internacional\\\/\"]}]},{\"@type\":\"ImageObject\",\"inLanguage\":\"es-ES\",\"@id\":\"https:\\\/\\\/wmp.mx\\\/la-industria-aeronautica-mexicana-recibe-un-reconocimiento-internacional\\\/#primaryimage\",\"url\":\"https:\\\/\\\/wmp.mx\\\/UP1\\\/wp-content\\\/uploads\\\/OIP-1.jpg\",\"contentUrl\":\"https:\\\/\\\/wmp.mx\\\/UP1\\\/wp-content\\\/uploads\\\/OIP-1.jpg\",\"width\":474,\"height\":316},{\"@type\":\"BreadcrumbList\",\"@id\":\"https:\\\/\\\/wmp.mx\\\/la-industria-aeronautica-mexicana-recibe-un-reconocimiento-internacional\\\/#breadcrumb\",\"itemListElement\":[{\"@type\":\"ListItem\",\"position\":1,\"name\":\"Startseite\",\"item\":\"https:\\\/\\\/wmp.mx\\\/es\\\/inicio\\\/\"},{\"@type\":\"ListItem\",\"position\":2,\"name\":\"La industria aeron\u00e1utica mexicana recibe un reconocimiento internacional\"}]},{\"@type\":\"WebSite\",\"@id\":\"https:\\\/\\\/wmp.mx\\\/#website\",\"url\":\"https:\\\/\\\/wmp.mx\\\/\",\"name\":\"WMP Mexico Advisors\",\"description\":\"Queretaro | Mexiko Stadt | Puebla | Stuttgart | Greenville\",\"potentialAction\":[{\"@type\":\"SearchAction\",\"target\":{\"@type\":\"EntryPoint\",\"urlTemplate\":\"https:\\\/\\\/wmp.mx\\\/?s={search_term_string}\"},\"query-input\":{\"@type\":\"PropertyValueSpecification\",\"valueRequired\":true,\"valueName\":\"search_term_string\"}}],\"inLanguage\":\"es-ES\"},{\"@type\":\"Person\",\"@id\":\"https:\\\/\\\/wmp.mx\\\/#\\\/schema\\\/person\\\/3c9538a21ca298c9e6eaab89731cf8f7\",\"name\":\"Liv Winterfeldt\",\"image\":{\"@type\":\"ImageObject\",\"inLanguage\":\"es-ES\",\"@id\":\"https:\\\/\\\/secure.gravatar.com\\\/avatar\\\/3d26b249f471b3d44d31916bb084e76206caac1239130bb66efe719c7cddd441?s=96&d=mm&r=g\",\"url\":\"https:\\\/\\\/secure.gravatar.com\\\/avatar\\\/3d26b249f471b3d44d31916bb084e76206caac1239130bb66efe719c7cddd441?s=96&d=mm&r=g\",\"contentUrl\":\"https:\\\/\\\/secure.gravatar.com\\\/avatar\\\/3d26b249f471b3d44d31916bb084e76206caac1239130bb66efe719c7cddd441?s=96&d=mm&r=g\",\"caption\":\"Liv Winterfeldt\"}}]}<\/script>\n<!-- \/ Yoast SEO plugin. -->","yoast_head_json":{"title":"La industria aeron\u00e1utica mexicana recibe un reconocimiento internacional - WMP Mexico Advisors","robots":{"index":"index","follow":"follow","max-snippet":"max-snippet:-1","max-image-preview":"max-image-preview:large","max-video-preview":"max-video-preview:-1"},"canonical":"https:\/\/wmp.mx\/la-industria-aeronautica-mexicana-recibe-un-reconocimiento-internacional\/","og_locale":"es_ES","og_type":"article","og_title":"La industria aeron\u00e1utica mexicana recibe un reconocimiento internacional - WMP Mexico Advisors","og_description":"El \u00cdndice de Competitividad de la Aviaci\u00f3n sit\u00faa a M\u00e9xico a la cabeza. A pesar de ello, M\u00e9xico ha dado un importante giro positivo desde la pandemia de COVID 19, que afect\u00f3 gravemente a la industria. Entre marzo y abril de 2020, el tr\u00e1fico a\u00e9reo de pasajeros en Am\u00e9rica Latina y el Caribe cay\u00f3 m\u00e1s [&hellip;]","og_url":"https:\/\/wmp.mx\/la-industria-aeronautica-mexicana-recibe-un-reconocimiento-internacional\/","og_site_name":"WMP Mexico Advisors","article_published_time":"2022-12-19T15:27:10+00:00","author":"Liv Winterfeldt","twitter_card":"summary_large_image","twitter_misc":{"Written by":"Liv Winterfeldt","Est. reading time":"1 minute"},"schema":{"@context":"https:\/\/schema.org","@graph":[{"@type":"Article","@id":"https:\/\/wmp.mx\/la-industria-aeronautica-mexicana-recibe-un-reconocimiento-internacional\/#article","isPartOf":{"@id":"https:\/\/wmp.mx\/la-industria-aeronautica-mexicana-recibe-un-reconocimiento-internacional\/"},"author":{"name":"Liv Winterfeldt","@id":"https:\/\/wmp.mx\/#\/schema\/person\/3c9538a21ca298c9e6eaab89731cf8f7"},"headline":"La industria aeron\u00e1utica mexicana recibe un reconocimiento internacional","datePublished":"2022-12-19T15:27:10+00:00","mainEntityOfPage":{"@id":"https:\/\/wmp.mx\/la-industria-aeronautica-mexicana-recibe-un-reconocimiento-internacional\/"},"wordCount":224,"image":{"@id":"https:\/\/wmp.mx\/la-industria-aeronautica-mexicana-recibe-un-reconocimiento-internacional\/#primaryimage"},"thumbnailUrl":"https:\/\/wmp.mx\/UP1\/wp-content\/uploads\/OIP-1.jpg","articleSection":["News","Unkategorisiert"],"inLanguage":"es-ES"},{"@type":"WebPage","@id":"https:\/\/wmp.mx\/la-industria-aeronautica-mexicana-recibe-un-reconocimiento-internacional\/","url":"https:\/\/wmp.mx\/la-industria-aeronautica-mexicana-recibe-un-reconocimiento-internacional\/","name":"La industria aeron\u00e1utica mexicana recibe un reconocimiento internacional - WMP Mexico Advisors","isPartOf":{"@id":"https:\/\/wmp.mx\/#website"},"primaryImageOfPage":{"@id":"https:\/\/wmp.mx\/la-industria-aeronautica-mexicana-recibe-un-reconocimiento-internacional\/#primaryimage"},"image":{"@id":"https:\/\/wmp.mx\/la-industria-aeronautica-mexicana-recibe-un-reconocimiento-internacional\/#primaryimage"},"thumbnailUrl":"https:\/\/wmp.mx\/UP1\/wp-content\/uploads\/OIP-1.jpg","datePublished":"2022-12-19T15:27:10+00:00","author":{"@id":"https:\/\/wmp.mx\/#\/schema\/person\/3c9538a21ca298c9e6eaab89731cf8f7"},"breadcrumb":{"@id":"https:\/\/wmp.mx\/la-industria-aeronautica-mexicana-recibe-un-reconocimiento-internacional\/#breadcrumb"},"inLanguage":"es-ES","potentialAction":[{"@type":"ReadAction","target":["https:\/\/wmp.mx\/la-industria-aeronautica-mexicana-recibe-un-reconocimiento-internacional\/"]}]},{"@type":"ImageObject","inLanguage":"es-ES","@id":"https:\/\/wmp.mx\/la-industria-aeronautica-mexicana-recibe-un-reconocimiento-internacional\/#primaryimage","url":"https:\/\/wmp.mx\/UP1\/wp-content\/uploads\/OIP-1.jpg","contentUrl":"https:\/\/wmp.mx\/UP1\/wp-content\/uploads\/OIP-1.jpg","width":474,"height":316},{"@type":"BreadcrumbList","@id":"https:\/\/wmp.mx\/la-industria-aeronautica-mexicana-recibe-un-reconocimiento-internacional\/#breadcrumb","itemListElement":[{"@type":"ListItem","position":1,"name":"Startseite","item":"https:\/\/wmp.mx\/es\/inicio\/"},{"@type":"ListItem","position":2,"name":"La industria aeron\u00e1utica mexicana recibe un reconocimiento internacional"}]},{"@type":"WebSite","@id":"https:\/\/wmp.mx\/#website","url":"https:\/\/wmp.mx\/","name":"WMP Mexico Advisors","description":"Queretaro | Mexiko Stadt | Puebla | Stuttgart | Greenville","potentialAction":[{"@type":"SearchAction","target":{"@type":"EntryPoint","urlTemplate":"https:\/\/wmp.mx\/?s={search_term_string}"},"query-input":{"@type":"PropertyValueSpecification","valueRequired":true,"valueName":"search_term_string"}}],"inLanguage":"es-ES"},{"@type":"Person","@id":"https:\/\/wmp.mx\/#\/schema\/person\/3c9538a21ca298c9e6eaab89731cf8f7","name":"Liv Winterfeldt","image":{"@type":"ImageObject","inLanguage":"es-ES","@id":"https:\/\/secure.gravatar.com\/avatar\/3d26b249f471b3d44d31916bb084e76206caac1239130bb66efe719c7cddd441?s=96&d=mm&r=g","url":"https:\/\/secure.gravatar.com\/avatar\/3d26b249f471b3d44d31916bb084e76206caac1239130bb66efe719c7cddd441?s=96&d=mm&r=g","contentUrl":"https:\/\/secure.gravatar.com\/avatar\/3d26b249f471b3d44d31916bb084e76206caac1239130bb66efe719c7cddd441?s=96&d=mm&r=g","caption":"Liv Winterfeldt"}}]}},"_links":{"self":[{"href":"https:\/\/wmp.mx\/es\/wp-json\/wp\/v2\/posts\/10797","targetHints":{"allow":["GET"]}}],"collection":[{"href":"https:\/\/wmp.mx\/es\/wp-json\/wp\/v2\/posts"}],"about":[{"href":"https:\/\/wmp.mx\/es\/wp-json\/wp\/v2\/types\/post"}],"author":[{"embeddable":true,"href":"https:\/\/wmp.mx\/es\/wp-json\/wp\/v2\/users\/17"}],"replies":[{"embeddable":true,"href":"https:\/\/wmp.mx\/es\/wp-json\/wp\/v2\/comments?post=10797"}],"version-history":[{"count":0,"href":"https:\/\/wmp.mx\/es\/wp-json\/wp\/v2\/posts\/10797\/revisions"}],"wp:featuredmedia":[{"embeddable":true,"href":"https:\/\/wmp.mx\/es\/wp-json\/wp\/v2\/media\/10803"}],"wp:attachment":[{"href":"https:\/\/wmp.mx\/es\/wp-json\/wp\/v2\/media?parent=10797"}],"wp:term":[{"taxonomy":"category","embeddable":true,"href":"https:\/\/wmp.mx\/es\/wp-json\/wp\/v2\/categories?post=10797"},{"taxonomy":"post_tag","embeddable":true,"href":"https:\/\/wmp.mx\/es\/wp-json\/wp\/v2\/tags?post=10797"}],"curies":[{"name":"wp","href":"https:\/\/api.w.org\/{rel}","templated":true}]}}