{"id":10968,"date":"2023-02-09T22:47:05","date_gmt":"2023-02-09T21:47:05","guid":{"rendered":"https:\/\/wmp.mx\/mexico-envia-militares-marinos-y-perros-de-rescate-a-turquia-para-ayudar-en-la-busqueda\/"},"modified":"2023-02-09T22:47:05","modified_gmt":"2023-02-09T21:47:05","slug":"mexico-envia-militares-marinos-y-perros-de-rescate-a-turquia-para-ayudar-en-la-busqueda","status":"publish","type":"post","link":"https:\/\/wmp.mx\/es\/mexico-envia-militares-marinos-y-perros-de-rescate-a-turquia-para-ayudar-en-la-busqueda\/","title":{"rendered":"M\u00e9xico env\u00eda militares, marinos y perros de rescate a Turqu\u00eda para ayudar en la b\u00fasqueda"},"content":{"rendered":"<p>Tras los se\u00edsmos de magnitud 7,8 y 7,5 registrados en Turqu\u00eda y Siria la madrugada del lunes, el Gobierno mexicano envi\u00f3 el martes por la ma\u00f1ana a Turqu\u00eda un grupo de especialistas en b\u00fasqueda y rescate para prestar ayuda. El grupo est\u00e1 formado por 93 miembros del Ministerio de Defensa, 37 miembros del Ministerio de Marina, 15 miembros de la Cruz Roja y cinco funcionarios del Ministerio de Asuntos Exteriores. Adem\u00e1s, la brigada mexicana, que lleg\u00f3 a la ciudad turca de Adana la madrugada del mi\u00e9rcoles, hora mexicana, inclu\u00eda 16 perros de rescate, conocidos en M\u00e9xico por encontrar personas entre los escombros.<\/p>\n<blockquote><p>\u00bfTiene m\u00e1s dudas sobre la evoluci\u00f3n econ\u00f3mica actual de M\u00e9xico? No dude en ponerse en contacto con nosotros.<\/p><\/blockquote>\n","protected":false},"excerpt":{"rendered":"<p>Tras los se\u00edsmos de magnitud 7,8 y 7,5 registrados en Turqu\u00eda y Siria la madrugada del lunes, el Gobierno mexicano envi\u00f3 el martes por la ma\u00f1ana a Turqu\u00eda un grupo de especialistas en b\u00fasqueda y rescate para prestar ayuda. El grupo est\u00e1 formado por 93 miembros del Ministerio de Defensa, 37 miembros del Ministerio de [&hellip;]<\/p>\n","protected":false},"author":17,"featured_media":10963,"comment_status":"closed","ping_status":"closed","sticky":false,"template":"","format":"standard","meta":{"mc4wp_mailchimp_campaign":[],"footnotes":""},"categories":[40],"tags":[],"class_list":["post-10968","post","type-post","status-publish","format-standard","has-post-thumbnail","hentry","category-news-es"],"yoast_head":"<!-- This site is optimized with the Yoast SEO plugin v27.5 - https:\/\/yoast.com\/product\/yoast-seo-wordpress\/ -->\n<title>M\u00e9xico env\u00eda militares, marinos y perros de rescate a Turqu\u00eda para ayudar en la b\u00fasqueda - WMP Mexico Advisors<\/title>\n<meta name=\"robots\" content=\"index, follow, max-snippet:-1, max-image-preview:large, max-video-preview:-1\" \/>\n<link rel=\"canonical\" href=\"https:\/\/wmp.mx\/mexiko-schickt-militaer-marinesoldaten-und-rettungshunde-in-die-tuerkei-um-die-suche-zu-unterstuetzen\/\" \/>\n<meta property=\"og:locale\" content=\"es_ES\" \/>\n<meta property=\"og:type\" content=\"article\" \/>\n<meta property=\"og:title\" content=\"M\u00e9xico env\u00eda militares, marinos y perros de rescate a Turqu\u00eda para ayudar en la b\u00fasqueda - WMP Mexico Advisors\" \/>\n<meta property=\"og:description\" content=\"Tras los se\u00edsmos de magnitud 7,8 y 7,5 registrados en Turqu\u00eda y Siria la madrugada del lunes, el Gobierno mexicano envi\u00f3 el martes por la ma\u00f1ana a Turqu\u00eda un grupo de especialistas en b\u00fasqueda y rescate para prestar ayuda. El grupo est\u00e1 formado por 93 miembros del Ministerio de Defensa, 37 miembros del Ministerio de [&hellip;]\" \/>\n<meta property=\"og:url\" content=\"https:\/\/wmp.mx\/mexiko-schickt-militaer-marinesoldaten-und-rettungshunde-in-die-tuerkei-um-die-suche-zu-unterstuetzen\/\" \/>\n<meta property=\"og:site_name\" content=\"WMP Mexico Advisors\" \/>\n<meta property=\"article:published_time\" content=\"2023-02-09T21:47:05+00:00\" \/>\n<meta name=\"author\" content=\"Liv Winterfeldt\" \/>\n<meta name=\"twitter:card\" content=\"summary_large_image\" \/>\n<meta name=\"twitter:label1\" content=\"Written by\" \/>\n\t<meta name=\"twitter:data1\" content=\"Liv Winterfeldt\" \/>\n\t<meta name=\"twitter:label2\" content=\"Est. reading time\" \/>\n\t<meta name=\"twitter:data2\" content=\"1 minute\" \/>\n<script type=\"application\/ld+json\" class=\"yoast-schema-graph\">{\"@context\":\"https:\\\/\\\/schema.org\",\"@graph\":[{\"@type\":\"Article\",\"@id\":\"https:\\\/\\\/wmp.mx\\\/mexiko-schickt-militaer-marinesoldaten-und-rettungshunde-in-die-tuerkei-um-die-suche-zu-unterstuetzen\\\/#article\",\"isPartOf\":{\"@id\":\"https:\\\/\\\/wmp.mx\\\/mexiko-schickt-militaer-marinesoldaten-und-rettungshunde-in-die-tuerkei-um-die-suche-zu-unterstuetzen\\\/\"},\"author\":{\"name\":\"Liv Winterfeldt\",\"@id\":\"https:\\\/\\\/wmp.mx\\\/#\\\/schema\\\/person\\\/3c9538a21ca298c9e6eaab89731cf8f7\"},\"headline\":\"M\u00e9xico env\u00eda militares, marinos y perros de rescate a Turqu\u00eda para ayudar en la b\u00fasqueda\",\"datePublished\":\"2023-02-09T21:47:05+00:00\",\"mainEntityOfPage\":{\"@id\":\"https:\\\/\\\/wmp.mx\\\/mexiko-schickt-militaer-marinesoldaten-und-rettungshunde-in-die-tuerkei-um-die-suche-zu-unterstuetzen\\\/\"},\"wordCount\":146,\"image\":{\"@id\":\"https:\\\/\\\/wmp.mx\\\/mexiko-schickt-militaer-marinesoldaten-und-rettungshunde-in-die-tuerkei-um-die-suche-zu-unterstuetzen\\\/#primaryimage\"},\"thumbnailUrl\":\"https:\\\/\\\/wmp.mx\\\/UP1\\\/wp-content\\\/uploads\\\/5423888-pdf.jpg\",\"articleSection\":[\"News\"],\"inLanguage\":\"es-ES\"},{\"@type\":\"WebPage\",\"@id\":\"https:\\\/\\\/wmp.mx\\\/mexiko-schickt-militaer-marinesoldaten-und-rettungshunde-in-die-tuerkei-um-die-suche-zu-unterstuetzen\\\/\",\"url\":\"https:\\\/\\\/wmp.mx\\\/mexiko-schickt-militaer-marinesoldaten-und-rettungshunde-in-die-tuerkei-um-die-suche-zu-unterstuetzen\\\/\",\"name\":\"M\u00e9xico env\u00eda militares, marinos y perros de rescate a Turqu\u00eda para ayudar en la b\u00fasqueda - WMP Mexico Advisors\",\"isPartOf\":{\"@id\":\"https:\\\/\\\/wmp.mx\\\/#website\"},\"primaryImageOfPage\":{\"@id\":\"https:\\\/\\\/wmp.mx\\\/mexiko-schickt-militaer-marinesoldaten-und-rettungshunde-in-die-tuerkei-um-die-suche-zu-unterstuetzen\\\/#primaryimage\"},\"image\":{\"@id\":\"https:\\\/\\\/wmp.mx\\\/mexiko-schickt-militaer-marinesoldaten-und-rettungshunde-in-die-tuerkei-um-die-suche-zu-unterstuetzen\\\/#primaryimage\"},\"thumbnailUrl\":\"https:\\\/\\\/wmp.mx\\\/UP1\\\/wp-content\\\/uploads\\\/5423888-pdf.jpg\",\"datePublished\":\"2023-02-09T21:47:05+00:00\",\"author\":{\"@id\":\"https:\\\/\\\/wmp.mx\\\/#\\\/schema\\\/person\\\/3c9538a21ca298c9e6eaab89731cf8f7\"},\"breadcrumb\":{\"@id\":\"https:\\\/\\\/wmp.mx\\\/mexiko-schickt-militaer-marinesoldaten-und-rettungshunde-in-die-tuerkei-um-die-suche-zu-unterstuetzen\\\/#breadcrumb\"},\"inLanguage\":\"es-ES\",\"potentialAction\":[{\"@type\":\"ReadAction\",\"target\":[\"https:\\\/\\\/wmp.mx\\\/mexiko-schickt-militaer-marinesoldaten-und-rettungshunde-in-die-tuerkei-um-die-suche-zu-unterstuetzen\\\/\"]}]},{\"@type\":\"ImageObject\",\"inLanguage\":\"es-ES\",\"@id\":\"https:\\\/\\\/wmp.mx\\\/mexiko-schickt-militaer-marinesoldaten-und-rettungshunde-in-die-tuerkei-um-die-suche-zu-unterstuetzen\\\/#primaryimage\",\"url\":\"https:\\\/\\\/wmp.mx\\\/UP1\\\/wp-content\\\/uploads\\\/5423888-pdf.jpg\",\"contentUrl\":\"https:\\\/\\\/wmp.mx\\\/UP1\\\/wp-content\\\/uploads\\\/5423888-pdf.jpg\"},{\"@type\":\"BreadcrumbList\",\"@id\":\"https:\\\/\\\/wmp.mx\\\/mexiko-schickt-militaer-marinesoldaten-und-rettungshunde-in-die-tuerkei-um-die-suche-zu-unterstuetzen\\\/#breadcrumb\",\"itemListElement\":[{\"@type\":\"ListItem\",\"position\":1,\"name\":\"Startseite\",\"item\":\"https:\\\/\\\/wmp.mx\\\/es\\\/inicio\\\/\"},{\"@type\":\"ListItem\",\"position\":2,\"name\":\"M\u00e9xico env\u00eda militares, marinos y perros de rescate a Turqu\u00eda para ayudar en la b\u00fasqueda\"}]},{\"@type\":\"WebSite\",\"@id\":\"https:\\\/\\\/wmp.mx\\\/#website\",\"url\":\"https:\\\/\\\/wmp.mx\\\/\",\"name\":\"WMP Mexico Advisors\",\"description\":\"Queretaro | Mexiko Stadt | Puebla | Stuttgart | Greenville\",\"potentialAction\":[{\"@type\":\"SearchAction\",\"target\":{\"@type\":\"EntryPoint\",\"urlTemplate\":\"https:\\\/\\\/wmp.mx\\\/?s={search_term_string}\"},\"query-input\":{\"@type\":\"PropertyValueSpecification\",\"valueRequired\":true,\"valueName\":\"search_term_string\"}}],\"inLanguage\":\"es-ES\"},{\"@type\":\"Person\",\"@id\":\"https:\\\/\\\/wmp.mx\\\/#\\\/schema\\\/person\\\/3c9538a21ca298c9e6eaab89731cf8f7\",\"name\":\"Liv Winterfeldt\",\"image\":{\"@type\":\"ImageObject\",\"inLanguage\":\"es-ES\",\"@id\":\"https:\\\/\\\/secure.gravatar.com\\\/avatar\\\/3d26b249f471b3d44d31916bb084e76206caac1239130bb66efe719c7cddd441?s=96&d=mm&r=g\",\"url\":\"https:\\\/\\\/secure.gravatar.com\\\/avatar\\\/3d26b249f471b3d44d31916bb084e76206caac1239130bb66efe719c7cddd441?s=96&d=mm&r=g\",\"contentUrl\":\"https:\\\/\\\/secure.gravatar.com\\\/avatar\\\/3d26b249f471b3d44d31916bb084e76206caac1239130bb66efe719c7cddd441?s=96&d=mm&r=g\",\"caption\":\"Liv Winterfeldt\"}}]}<\/script>\n<!-- \/ Yoast SEO plugin. -->","yoast_head_json":{"title":"M\u00e9xico env\u00eda militares, marinos y perros de rescate a Turqu\u00eda para ayudar en la b\u00fasqueda - WMP Mexico Advisors","robots":{"index":"index","follow":"follow","max-snippet":"max-snippet:-1","max-image-preview":"max-image-preview:large","max-video-preview":"max-video-preview:-1"},"canonical":"https:\/\/wmp.mx\/mexiko-schickt-militaer-marinesoldaten-und-rettungshunde-in-die-tuerkei-um-die-suche-zu-unterstuetzen\/","og_locale":"es_ES","og_type":"article","og_title":"M\u00e9xico env\u00eda militares, marinos y perros de rescate a Turqu\u00eda para ayudar en la b\u00fasqueda - WMP Mexico Advisors","og_description":"Tras los se\u00edsmos de magnitud 7,8 y 7,5 registrados en Turqu\u00eda y Siria la madrugada del lunes, el Gobierno mexicano envi\u00f3 el martes por la ma\u00f1ana a Turqu\u00eda un grupo de especialistas en b\u00fasqueda y rescate para prestar ayuda. El grupo est\u00e1 formado por 93 miembros del Ministerio de Defensa, 37 miembros del Ministerio de [&hellip;]","og_url":"https:\/\/wmp.mx\/mexiko-schickt-militaer-marinesoldaten-und-rettungshunde-in-die-tuerkei-um-die-suche-zu-unterstuetzen\/","og_site_name":"WMP Mexico Advisors","article_published_time":"2023-02-09T21:47:05+00:00","author":"Liv Winterfeldt","twitter_card":"summary_large_image","twitter_misc":{"Written by":"Liv Winterfeldt","Est. reading time":"1 minute"},"schema":{"@context":"https:\/\/schema.org","@graph":[{"@type":"Article","@id":"https:\/\/wmp.mx\/mexiko-schickt-militaer-marinesoldaten-und-rettungshunde-in-die-tuerkei-um-die-suche-zu-unterstuetzen\/#article","isPartOf":{"@id":"https:\/\/wmp.mx\/mexiko-schickt-militaer-marinesoldaten-und-rettungshunde-in-die-tuerkei-um-die-suche-zu-unterstuetzen\/"},"author":{"name":"Liv Winterfeldt","@id":"https:\/\/wmp.mx\/#\/schema\/person\/3c9538a21ca298c9e6eaab89731cf8f7"},"headline":"M\u00e9xico env\u00eda militares, marinos y perros de rescate a Turqu\u00eda para ayudar en la b\u00fasqueda","datePublished":"2023-02-09T21:47:05+00:00","mainEntityOfPage":{"@id":"https:\/\/wmp.mx\/mexiko-schickt-militaer-marinesoldaten-und-rettungshunde-in-die-tuerkei-um-die-suche-zu-unterstuetzen\/"},"wordCount":146,"image":{"@id":"https:\/\/wmp.mx\/mexiko-schickt-militaer-marinesoldaten-und-rettungshunde-in-die-tuerkei-um-die-suche-zu-unterstuetzen\/#primaryimage"},"thumbnailUrl":"https:\/\/wmp.mx\/UP1\/wp-content\/uploads\/5423888-pdf.jpg","articleSection":["News"],"inLanguage":"es-ES"},{"@type":"WebPage","@id":"https:\/\/wmp.mx\/mexiko-schickt-militaer-marinesoldaten-und-rettungshunde-in-die-tuerkei-um-die-suche-zu-unterstuetzen\/","url":"https:\/\/wmp.mx\/mexiko-schickt-militaer-marinesoldaten-und-rettungshunde-in-die-tuerkei-um-die-suche-zu-unterstuetzen\/","name":"M\u00e9xico env\u00eda militares, marinos y perros de rescate a Turqu\u00eda para ayudar en la b\u00fasqueda - WMP Mexico Advisors","isPartOf":{"@id":"https:\/\/wmp.mx\/#website"},"primaryImageOfPage":{"@id":"https:\/\/wmp.mx\/mexiko-schickt-militaer-marinesoldaten-und-rettungshunde-in-die-tuerkei-um-die-suche-zu-unterstuetzen\/#primaryimage"},"image":{"@id":"https:\/\/wmp.mx\/mexiko-schickt-militaer-marinesoldaten-und-rettungshunde-in-die-tuerkei-um-die-suche-zu-unterstuetzen\/#primaryimage"},"thumbnailUrl":"https:\/\/wmp.mx\/UP1\/wp-content\/uploads\/5423888-pdf.jpg","datePublished":"2023-02-09T21:47:05+00:00","author":{"@id":"https:\/\/wmp.mx\/#\/schema\/person\/3c9538a21ca298c9e6eaab89731cf8f7"},"breadcrumb":{"@id":"https:\/\/wmp.mx\/mexiko-schickt-militaer-marinesoldaten-und-rettungshunde-in-die-tuerkei-um-die-suche-zu-unterstuetzen\/#breadcrumb"},"inLanguage":"es-ES","potentialAction":[{"@type":"ReadAction","target":["https:\/\/wmp.mx\/mexiko-schickt-militaer-marinesoldaten-und-rettungshunde-in-die-tuerkei-um-die-suche-zu-unterstuetzen\/"]}]},{"@type":"ImageObject","inLanguage":"es-ES","@id":"https:\/\/wmp.mx\/mexiko-schickt-militaer-marinesoldaten-und-rettungshunde-in-die-tuerkei-um-die-suche-zu-unterstuetzen\/#primaryimage","url":"https:\/\/wmp.mx\/UP1\/wp-content\/uploads\/5423888-pdf.jpg","contentUrl":"https:\/\/wmp.mx\/UP1\/wp-content\/uploads\/5423888-pdf.jpg"},{"@type":"BreadcrumbList","@id":"https:\/\/wmp.mx\/mexiko-schickt-militaer-marinesoldaten-und-rettungshunde-in-die-tuerkei-um-die-suche-zu-unterstuetzen\/#breadcrumb","itemListElement":[{"@type":"ListItem","position":1,"name":"Startseite","item":"https:\/\/wmp.mx\/es\/inicio\/"},{"@type":"ListItem","position":2,"name":"M\u00e9xico env\u00eda militares, marinos y perros de rescate a Turqu\u00eda para ayudar en la b\u00fasqueda"}]},{"@type":"WebSite","@id":"https:\/\/wmp.mx\/#website","url":"https:\/\/wmp.mx\/","name":"WMP Mexico Advisors","description":"Queretaro | Mexiko Stadt | Puebla | Stuttgart | Greenville","potentialAction":[{"@type":"SearchAction","target":{"@type":"EntryPoint","urlTemplate":"https:\/\/wmp.mx\/?s={search_term_string}"},"query-input":{"@type":"PropertyValueSpecification","valueRequired":true,"valueName":"search_term_string"}}],"inLanguage":"es-ES"},{"@type":"Person","@id":"https:\/\/wmp.mx\/#\/schema\/person\/3c9538a21ca298c9e6eaab89731cf8f7","name":"Liv Winterfeldt","image":{"@type":"ImageObject","inLanguage":"es-ES","@id":"https:\/\/secure.gravatar.com\/avatar\/3d26b249f471b3d44d31916bb084e76206caac1239130bb66efe719c7cddd441?s=96&d=mm&r=g","url":"https:\/\/secure.gravatar.com\/avatar\/3d26b249f471b3d44d31916bb084e76206caac1239130bb66efe719c7cddd441?s=96&d=mm&r=g","contentUrl":"https:\/\/secure.gravatar.com\/avatar\/3d26b249f471b3d44d31916bb084e76206caac1239130bb66efe719c7cddd441?s=96&d=mm&r=g","caption":"Liv Winterfeldt"}}]}},"_links":{"self":[{"href":"https:\/\/wmp.mx\/es\/wp-json\/wp\/v2\/posts\/10968","targetHints":{"allow":["GET"]}}],"collection":[{"href":"https:\/\/wmp.mx\/es\/wp-json\/wp\/v2\/posts"}],"about":[{"href":"https:\/\/wmp.mx\/es\/wp-json\/wp\/v2\/types\/post"}],"author":[{"embeddable":true,"href":"https:\/\/wmp.mx\/es\/wp-json\/wp\/v2\/users\/17"}],"replies":[{"embeddable":true,"href":"https:\/\/wmp.mx\/es\/wp-json\/wp\/v2\/comments?post=10968"}],"version-history":[{"count":0,"href":"https:\/\/wmp.mx\/es\/wp-json\/wp\/v2\/posts\/10968\/revisions"}],"wp:featuredmedia":[{"embeddable":true,"href":"https:\/\/wmp.mx\/es\/wp-json\/wp\/v2\/media\/10963"}],"wp:attachment":[{"href":"https:\/\/wmp.mx\/es\/wp-json\/wp\/v2\/media?parent=10968"}],"wp:term":[{"taxonomy":"category","embeddable":true,"href":"https:\/\/wmp.mx\/es\/wp-json\/wp\/v2\/categories?post=10968"},{"taxonomy":"post_tag","embeddable":true,"href":"https:\/\/wmp.mx\/es\/wp-json\/wp\/v2\/tags?post=10968"}],"curies":[{"name":"wp","href":"https:\/\/api.w.org\/{rel}","templated":true}]}}