{"id":10979,"date":"2023-02-14T16:45:23","date_gmt":"2023-02-14T15:45:23","guid":{"rendered":"https:\/\/wmp.mx\/mexico-creo-casi-111-700-empleos-formales-en-el-primer-mes-de-2023\/"},"modified":"2023-02-14T16:47:36","modified_gmt":"2023-02-14T15:47:36","slug":"mexico-creo-casi-111-700-empleos-formales-en-el-primer-mes-de-2023","status":"publish","type":"post","link":"https:\/\/wmp.mx\/es\/mexico-creo-casi-111-700-empleos-formales-en-el-primer-mes-de-2023\/","title":{"rendered":"M\u00e9xico cre\u00f3 casi 111 700 empleos formales en el primer mes de 2023"},"content":{"rendered":"<p>La econom\u00eda mexicana cre\u00f3 111.699 empleos formales en el primer mes de 2023. Se trata del tercer mayor incremento mensual de los \u00faltimos 16 a\u00f1os, inform\u00f3 el Instituto Mexicano del Seguro Social.<\/p>\n<p>La creaci\u00f3n de empleo en el primer mes del a\u00f1o se produce tras la desaparici\u00f3n de 345.705 puestos de trabajo el pasado mes de diciembre, un fen\u00f3meno que el Gobierno atribuye a los puestos temporales y a que los empresarios no quieren pagar prestaciones, lo que deja una creaci\u00f3n neta de 752.748 empleos en 2022.<\/p>\n<p>Seg\u00fan el IMSS, el n\u00famero total de empleos formales en M\u00e9xico en enero es de 21,484,595, de los cuales 86.3% son permanentes y el resto temporales.<\/p>\n<blockquote><p>\u00bfTiene m\u00e1s dudas sobre la evoluci\u00f3n econ\u00f3mica actual de M\u00e9xico? No dude en ponerse en contacto con nosotros.<\/p><\/blockquote>\n","protected":false},"excerpt":{"rendered":"<p>La econom\u00eda mexicana cre\u00f3 111.699 empleos formales en el primer mes de 2023. Se trata del tercer mayor incremento mensual de los \u00faltimos 16 a\u00f1os, inform\u00f3 el Instituto Mexicano del Seguro Social. La creaci\u00f3n de empleo en el primer mes del a\u00f1o se produce tras la desaparici\u00f3n de 345.705 puestos de trabajo el pasado mes [&hellip;]<\/p>\n","protected":false},"author":17,"featured_media":10974,"comment_status":"closed","ping_status":"closed","sticky":false,"template":"","format":"standard","meta":{"mc4wp_mailchimp_campaign":[],"footnotes":""},"categories":[40],"tags":[],"class_list":["post-10979","post","type-post","status-publish","format-standard","has-post-thumbnail","hentry","category-news-es"],"yoast_head":"<!-- This site is optimized with the Yoast SEO plugin v27.5 - https:\/\/yoast.com\/product\/yoast-seo-wordpress\/ -->\n<title>M\u00e9xico cre\u00f3 casi 111 700 empleos formales en el primer mes de 2023 - WMP Mexico Advisors<\/title>\n<meta name=\"robots\" content=\"index, follow, max-snippet:-1, max-image-preview:large, max-video-preview:-1\" \/>\n<link rel=\"canonical\" href=\"https:\/\/wmp.mx\/es\/mexico-creo-casi-111-700-empleos-formales-en-el-primer-mes-de-2023\/\" \/>\n<meta property=\"og:locale\" content=\"es_ES\" \/>\n<meta property=\"og:type\" content=\"article\" \/>\n<meta property=\"og:title\" content=\"M\u00e9xico cre\u00f3 casi 111 700 empleos formales en el primer mes de 2023 - WMP Mexico Advisors\" \/>\n<meta property=\"og:description\" content=\"La econom\u00eda mexicana cre\u00f3 111.699 empleos formales en el primer mes de 2023. Se trata del tercer mayor incremento mensual de los \u00faltimos 16 a\u00f1os, inform\u00f3 el Instituto Mexicano del Seguro Social. La creaci\u00f3n de empleo en el primer mes del a\u00f1o se produce tras la desaparici\u00f3n de 345.705 puestos de trabajo el pasado mes [&hellip;]\" \/>\n<meta property=\"og:url\" content=\"https:\/\/wmp.mx\/es\/mexico-creo-casi-111-700-empleos-formales-en-el-primer-mes-de-2023\/\" \/>\n<meta property=\"og:site_name\" content=\"WMP Mexico Advisors\" \/>\n<meta property=\"article:published_time\" content=\"2023-02-14T15:45:23+00:00\" \/>\n<meta property=\"article:modified_time\" content=\"2023-02-14T15:47:36+00:00\" \/>\n<meta name=\"author\" content=\"Liv Winterfeldt\" \/>\n<meta name=\"twitter:card\" content=\"summary_large_image\" \/>\n<meta name=\"twitter:label1\" content=\"Written by\" \/>\n\t<meta name=\"twitter:data1\" content=\"Liv Winterfeldt\" \/>\n\t<meta name=\"twitter:label2\" content=\"Est. reading time\" \/>\n\t<meta name=\"twitter:data2\" content=\"1 minute\" \/>\n<script type=\"application\/ld+json\" class=\"yoast-schema-graph\">{\"@context\":\"https:\\\/\\\/schema.org\",\"@graph\":[{\"@type\":\"Article\",\"@id\":\"https:\\\/\\\/wmp.mx\\\/es\\\/mexico-creo-casi-111-700-empleos-formales-en-el-primer-mes-de-2023\\\/#article\",\"isPartOf\":{\"@id\":\"https:\\\/\\\/wmp.mx\\\/es\\\/mexico-creo-casi-111-700-empleos-formales-en-el-primer-mes-de-2023\\\/\"},\"author\":{\"name\":\"Liv Winterfeldt\",\"@id\":\"https:\\\/\\\/wmp.mx\\\/#\\\/schema\\\/person\\\/3c9538a21ca298c9e6eaab89731cf8f7\"},\"headline\":\"M\u00e9xico cre\u00f3 casi 111 700 empleos formales en el primer mes de 2023\",\"datePublished\":\"2023-02-14T15:45:23+00:00\",\"dateModified\":\"2023-02-14T15:47:36+00:00\",\"mainEntityOfPage\":{\"@id\":\"https:\\\/\\\/wmp.mx\\\/es\\\/mexico-creo-casi-111-700-empleos-formales-en-el-primer-mes-de-2023\\\/\"},\"wordCount\":148,\"image\":{\"@id\":\"https:\\\/\\\/wmp.mx\\\/es\\\/mexico-creo-casi-111-700-empleos-formales-en-el-primer-mes-de-2023\\\/#primaryimage\"},\"thumbnailUrl\":\"https:\\\/\\\/wmp.mx\\\/UP1\\\/wp-content\\\/uploads\\\/descarga-_1_-pdf.jpg\",\"articleSection\":[\"News\"],\"inLanguage\":\"es-ES\"},{\"@type\":\"WebPage\",\"@id\":\"https:\\\/\\\/wmp.mx\\\/es\\\/mexico-creo-casi-111-700-empleos-formales-en-el-primer-mes-de-2023\\\/\",\"url\":\"https:\\\/\\\/wmp.mx\\\/es\\\/mexico-creo-casi-111-700-empleos-formales-en-el-primer-mes-de-2023\\\/\",\"name\":\"M\u00e9xico cre\u00f3 casi 111 700 empleos formales en el primer mes de 2023 - WMP Mexico Advisors\",\"isPartOf\":{\"@id\":\"https:\\\/\\\/wmp.mx\\\/#website\"},\"primaryImageOfPage\":{\"@id\":\"https:\\\/\\\/wmp.mx\\\/es\\\/mexico-creo-casi-111-700-empleos-formales-en-el-primer-mes-de-2023\\\/#primaryimage\"},\"image\":{\"@id\":\"https:\\\/\\\/wmp.mx\\\/es\\\/mexico-creo-casi-111-700-empleos-formales-en-el-primer-mes-de-2023\\\/#primaryimage\"},\"thumbnailUrl\":\"https:\\\/\\\/wmp.mx\\\/UP1\\\/wp-content\\\/uploads\\\/descarga-_1_-pdf.jpg\",\"datePublished\":\"2023-02-14T15:45:23+00:00\",\"dateModified\":\"2023-02-14T15:47:36+00:00\",\"author\":{\"@id\":\"https:\\\/\\\/wmp.mx\\\/#\\\/schema\\\/person\\\/3c9538a21ca298c9e6eaab89731cf8f7\"},\"breadcrumb\":{\"@id\":\"https:\\\/\\\/wmp.mx\\\/es\\\/mexico-creo-casi-111-700-empleos-formales-en-el-primer-mes-de-2023\\\/#breadcrumb\"},\"inLanguage\":\"es-ES\",\"potentialAction\":[{\"@type\":\"ReadAction\",\"target\":[\"https:\\\/\\\/wmp.mx\\\/es\\\/mexico-creo-casi-111-700-empleos-formales-en-el-primer-mes-de-2023\\\/\"]}]},{\"@type\":\"ImageObject\",\"inLanguage\":\"es-ES\",\"@id\":\"https:\\\/\\\/wmp.mx\\\/es\\\/mexico-creo-casi-111-700-empleos-formales-en-el-primer-mes-de-2023\\\/#primaryimage\",\"url\":\"https:\\\/\\\/wmp.mx\\\/UP1\\\/wp-content\\\/uploads\\\/descarga-_1_-pdf.jpg\",\"contentUrl\":\"https:\\\/\\\/wmp.mx\\\/UP1\\\/wp-content\\\/uploads\\\/descarga-_1_-pdf.jpg\"},{\"@type\":\"BreadcrumbList\",\"@id\":\"https:\\\/\\\/wmp.mx\\\/es\\\/mexico-creo-casi-111-700-empleos-formales-en-el-primer-mes-de-2023\\\/#breadcrumb\",\"itemListElement\":[{\"@type\":\"ListItem\",\"position\":1,\"name\":\"Startseite\",\"item\":\"https:\\\/\\\/wmp.mx\\\/es\\\/inicio\\\/\"},{\"@type\":\"ListItem\",\"position\":2,\"name\":\"M\u00e9xico cre\u00f3 casi 111 700 empleos formales en el primer mes de 2023\"}]},{\"@type\":\"WebSite\",\"@id\":\"https:\\\/\\\/wmp.mx\\\/#website\",\"url\":\"https:\\\/\\\/wmp.mx\\\/\",\"name\":\"WMP Mexico Advisors\",\"description\":\"Queretaro | Mexiko Stadt | Puebla | Stuttgart | Greenville\",\"potentialAction\":[{\"@type\":\"SearchAction\",\"target\":{\"@type\":\"EntryPoint\",\"urlTemplate\":\"https:\\\/\\\/wmp.mx\\\/?s={search_term_string}\"},\"query-input\":{\"@type\":\"PropertyValueSpecification\",\"valueRequired\":true,\"valueName\":\"search_term_string\"}}],\"inLanguage\":\"es-ES\"},{\"@type\":\"Person\",\"@id\":\"https:\\\/\\\/wmp.mx\\\/#\\\/schema\\\/person\\\/3c9538a21ca298c9e6eaab89731cf8f7\",\"name\":\"Liv Winterfeldt\",\"image\":{\"@type\":\"ImageObject\",\"inLanguage\":\"es-ES\",\"@id\":\"https:\\\/\\\/secure.gravatar.com\\\/avatar\\\/3d26b249f471b3d44d31916bb084e76206caac1239130bb66efe719c7cddd441?s=96&d=mm&r=g\",\"url\":\"https:\\\/\\\/secure.gravatar.com\\\/avatar\\\/3d26b249f471b3d44d31916bb084e76206caac1239130bb66efe719c7cddd441?s=96&d=mm&r=g\",\"contentUrl\":\"https:\\\/\\\/secure.gravatar.com\\\/avatar\\\/3d26b249f471b3d44d31916bb084e76206caac1239130bb66efe719c7cddd441?s=96&d=mm&r=g\",\"caption\":\"Liv Winterfeldt\"}}]}<\/script>\n<!-- \/ Yoast SEO plugin. -->","yoast_head_json":{"title":"M\u00e9xico cre\u00f3 casi 111 700 empleos formales en el primer mes de 2023 - WMP Mexico Advisors","robots":{"index":"index","follow":"follow","max-snippet":"max-snippet:-1","max-image-preview":"max-image-preview:large","max-video-preview":"max-video-preview:-1"},"canonical":"https:\/\/wmp.mx\/es\/mexico-creo-casi-111-700-empleos-formales-en-el-primer-mes-de-2023\/","og_locale":"es_ES","og_type":"article","og_title":"M\u00e9xico cre\u00f3 casi 111 700 empleos formales en el primer mes de 2023 - WMP Mexico Advisors","og_description":"La econom\u00eda mexicana cre\u00f3 111.699 empleos formales en el primer mes de 2023. Se trata del tercer mayor incremento mensual de los \u00faltimos 16 a\u00f1os, inform\u00f3 el Instituto Mexicano del Seguro Social. La creaci\u00f3n de empleo en el primer mes del a\u00f1o se produce tras la desaparici\u00f3n de 345.705 puestos de trabajo el pasado mes [&hellip;]","og_url":"https:\/\/wmp.mx\/es\/mexico-creo-casi-111-700-empleos-formales-en-el-primer-mes-de-2023\/","og_site_name":"WMP Mexico Advisors","article_published_time":"2023-02-14T15:45:23+00:00","article_modified_time":"2023-02-14T15:47:36+00:00","author":"Liv Winterfeldt","twitter_card":"summary_large_image","twitter_misc":{"Written by":"Liv Winterfeldt","Est. reading time":"1 minute"},"schema":{"@context":"https:\/\/schema.org","@graph":[{"@type":"Article","@id":"https:\/\/wmp.mx\/es\/mexico-creo-casi-111-700-empleos-formales-en-el-primer-mes-de-2023\/#article","isPartOf":{"@id":"https:\/\/wmp.mx\/es\/mexico-creo-casi-111-700-empleos-formales-en-el-primer-mes-de-2023\/"},"author":{"name":"Liv Winterfeldt","@id":"https:\/\/wmp.mx\/#\/schema\/person\/3c9538a21ca298c9e6eaab89731cf8f7"},"headline":"M\u00e9xico cre\u00f3 casi 111 700 empleos formales en el primer mes de 2023","datePublished":"2023-02-14T15:45:23+00:00","dateModified":"2023-02-14T15:47:36+00:00","mainEntityOfPage":{"@id":"https:\/\/wmp.mx\/es\/mexico-creo-casi-111-700-empleos-formales-en-el-primer-mes-de-2023\/"},"wordCount":148,"image":{"@id":"https:\/\/wmp.mx\/es\/mexico-creo-casi-111-700-empleos-formales-en-el-primer-mes-de-2023\/#primaryimage"},"thumbnailUrl":"https:\/\/wmp.mx\/UP1\/wp-content\/uploads\/descarga-_1_-pdf.jpg","articleSection":["News"],"inLanguage":"es-ES"},{"@type":"WebPage","@id":"https:\/\/wmp.mx\/es\/mexico-creo-casi-111-700-empleos-formales-en-el-primer-mes-de-2023\/","url":"https:\/\/wmp.mx\/es\/mexico-creo-casi-111-700-empleos-formales-en-el-primer-mes-de-2023\/","name":"M\u00e9xico cre\u00f3 casi 111 700 empleos formales en el primer mes de 2023 - WMP Mexico Advisors","isPartOf":{"@id":"https:\/\/wmp.mx\/#website"},"primaryImageOfPage":{"@id":"https:\/\/wmp.mx\/es\/mexico-creo-casi-111-700-empleos-formales-en-el-primer-mes-de-2023\/#primaryimage"},"image":{"@id":"https:\/\/wmp.mx\/es\/mexico-creo-casi-111-700-empleos-formales-en-el-primer-mes-de-2023\/#primaryimage"},"thumbnailUrl":"https:\/\/wmp.mx\/UP1\/wp-content\/uploads\/descarga-_1_-pdf.jpg","datePublished":"2023-02-14T15:45:23+00:00","dateModified":"2023-02-14T15:47:36+00:00","author":{"@id":"https:\/\/wmp.mx\/#\/schema\/person\/3c9538a21ca298c9e6eaab89731cf8f7"},"breadcrumb":{"@id":"https:\/\/wmp.mx\/es\/mexico-creo-casi-111-700-empleos-formales-en-el-primer-mes-de-2023\/#breadcrumb"},"inLanguage":"es-ES","potentialAction":[{"@type":"ReadAction","target":["https:\/\/wmp.mx\/es\/mexico-creo-casi-111-700-empleos-formales-en-el-primer-mes-de-2023\/"]}]},{"@type":"ImageObject","inLanguage":"es-ES","@id":"https:\/\/wmp.mx\/es\/mexico-creo-casi-111-700-empleos-formales-en-el-primer-mes-de-2023\/#primaryimage","url":"https:\/\/wmp.mx\/UP1\/wp-content\/uploads\/descarga-_1_-pdf.jpg","contentUrl":"https:\/\/wmp.mx\/UP1\/wp-content\/uploads\/descarga-_1_-pdf.jpg"},{"@type":"BreadcrumbList","@id":"https:\/\/wmp.mx\/es\/mexico-creo-casi-111-700-empleos-formales-en-el-primer-mes-de-2023\/#breadcrumb","itemListElement":[{"@type":"ListItem","position":1,"name":"Startseite","item":"https:\/\/wmp.mx\/es\/inicio\/"},{"@type":"ListItem","position":2,"name":"M\u00e9xico cre\u00f3 casi 111 700 empleos formales en el primer mes de 2023"}]},{"@type":"WebSite","@id":"https:\/\/wmp.mx\/#website","url":"https:\/\/wmp.mx\/","name":"WMP Mexico Advisors","description":"Queretaro | Mexiko Stadt | Puebla | Stuttgart | Greenville","potentialAction":[{"@type":"SearchAction","target":{"@type":"EntryPoint","urlTemplate":"https:\/\/wmp.mx\/?s={search_term_string}"},"query-input":{"@type":"PropertyValueSpecification","valueRequired":true,"valueName":"search_term_string"}}],"inLanguage":"es-ES"},{"@type":"Person","@id":"https:\/\/wmp.mx\/#\/schema\/person\/3c9538a21ca298c9e6eaab89731cf8f7","name":"Liv Winterfeldt","image":{"@type":"ImageObject","inLanguage":"es-ES","@id":"https:\/\/secure.gravatar.com\/avatar\/3d26b249f471b3d44d31916bb084e76206caac1239130bb66efe719c7cddd441?s=96&d=mm&r=g","url":"https:\/\/secure.gravatar.com\/avatar\/3d26b249f471b3d44d31916bb084e76206caac1239130bb66efe719c7cddd441?s=96&d=mm&r=g","contentUrl":"https:\/\/secure.gravatar.com\/avatar\/3d26b249f471b3d44d31916bb084e76206caac1239130bb66efe719c7cddd441?s=96&d=mm&r=g","caption":"Liv Winterfeldt"}}]}},"_links":{"self":[{"href":"https:\/\/wmp.mx\/es\/wp-json\/wp\/v2\/posts\/10979","targetHints":{"allow":["GET"]}}],"collection":[{"href":"https:\/\/wmp.mx\/es\/wp-json\/wp\/v2\/posts"}],"about":[{"href":"https:\/\/wmp.mx\/es\/wp-json\/wp\/v2\/types\/post"}],"author":[{"embeddable":true,"href":"https:\/\/wmp.mx\/es\/wp-json\/wp\/v2\/users\/17"}],"replies":[{"embeddable":true,"href":"https:\/\/wmp.mx\/es\/wp-json\/wp\/v2\/comments?post=10979"}],"version-history":[{"count":1,"href":"https:\/\/wmp.mx\/es\/wp-json\/wp\/v2\/posts\/10979\/revisions"}],"predecessor-version":[{"id":10981,"href":"https:\/\/wmp.mx\/es\/wp-json\/wp\/v2\/posts\/10979\/revisions\/10981"}],"wp:featuredmedia":[{"embeddable":true,"href":"https:\/\/wmp.mx\/es\/wp-json\/wp\/v2\/media\/10974"}],"wp:attachment":[{"href":"https:\/\/wmp.mx\/es\/wp-json\/wp\/v2\/media?parent=10979"}],"wp:term":[{"taxonomy":"category","embeddable":true,"href":"https:\/\/wmp.mx\/es\/wp-json\/wp\/v2\/categories?post=10979"},{"taxonomy":"post_tag","embeddable":true,"href":"https:\/\/wmp.mx\/es\/wp-json\/wp\/v2\/tags?post=10979"}],"curies":[{"name":"wp","href":"https:\/\/api.w.org\/{rel}","templated":true}]}}