{"id":9608,"date":"2022-05-11T23:57:03","date_gmt":"2022-05-11T21:57:03","guid":{"rendered":"https:\/\/wmp.mx\/mexico-en-la-lucha-contra-el-cambio-climatico\/"},"modified":"2022-05-19T19:08:19","modified_gmt":"2022-05-19T17:08:19","slug":"mexico-en-la-lucha-contra-el-cambio-climatico","status":"publish","type":"post","link":"https:\/\/wmp.mx\/es\/mexico-en-la-lucha-contra-el-cambio-climatico\/","title":{"rendered":"M\u00e9xico en la lucha contra el cambio clim\u00e1tico"},"content":{"rendered":"<p>M\u00e9xico asisti\u00f3 a la COP26 de las Naciones Unidas en Glasgow el pasado noviembre, junto con otros 120 jefes de estado de numerosos pa\u00edses y un total de 40.000 participantes inscritos. La Conferencia anual de las Naciones Unidas sobre el Cambio Clim\u00e1tico tiene como objetivo seguir y debatir el cumplimiento de las acciones acordadas en el Acuerdo de Par\u00eds de 2015. Actualmente, M\u00e9xico es el decimotercer emisor de gases de efecto invernadero responsables del cambio clim\u00e1tico y, por tanto, tiene una importante responsabilidad. <\/p>\n<p>M\u00e9xico lleva a\u00f1os trabajando para aplicar los objetivos fijados. El pa\u00eds se ha adherido oficialmente a la Declaraci\u00f3n sobre la Protecci\u00f3n de los Bosques y el Uso de la Tierra y est\u00e1 trabajando para detener e invertir la p\u00e9rdida de bosques para 2030. Tambi\u00e9n se firm\u00f3 un mandato para la introducci\u00f3n de veh\u00edculos de cero emisiones. Adem\u00e1s, la Secretar\u00eda de Relaciones Exteriores destac\u00f3 especialmente la adhesi\u00f3n de M\u00e9xico al Compromiso Global del Metano para reducir las emisiones de este gas de efecto invernadero, cuyo impacto es significativamente mayor que el del di\u00f3xido de carbono. De acuerdo con esto, las emisiones de metano deben reducirse en un 30% para 2030. Adem\u00e1s, la secretaria de energ\u00eda inform\u00f3 de que el 30% de la electricidad generada procede de fuentes renovables y que, por tanto, el pa\u00eds est\u00e1 trabajando en la transici\u00f3n energ\u00e9tica con la eficiencia energ\u00e9tica.<\/p>\n<p>Alok Sharma, presidente de la Conferencia de las Naciones Unidas sobre el Cambio Clim\u00e1tico, visit\u00f3 M\u00e9xico para hablar de los progresos realizados por el pa\u00eds e instarlo a aumentar sus objetivos de reducci\u00f3n de emisiones para permitir la reducci\u00f3n al 0% de las mismas en 2050. Sharma se\u00f1al\u00f3 que como miembro de los pa\u00edses del G20, que en conjunto generan m\u00e1s del 80% de las emisiones mundiales, M\u00e9xico tiene una oportunidad especial para asumir un papel de liderazgo en la lucha contra el cambio clim\u00e1tico. Tambi\u00e9n expres\u00f3 su optimismo por el descenso del coste de la producci\u00f3n de energ\u00edas renovables y elogi\u00f3 el aumento constante de las inversiones del sector privado. <\/p>\n<p>Sharma concluy\u00f3 comentando, en una rueda de prensa con l\u00edderes del sector privado, legisladores y el ministro de Energ\u00eda, que el mundo s\u00f3lo evaluar\u00e1 las medidas que cada pa\u00eds ha tomado para alcanzar los objetivos a finales de a\u00f1o, en la COP27 de Sharm El-Sheikh. <\/p>\n<blockquote><p>\u00bfTiene m\u00e1s dudas sobre la evoluci\u00f3n econ\u00f3mica actual de M\u00e9xico? No dude en ponerse en contacto con nosotros.<\/p><\/blockquote>\n","protected":false},"excerpt":{"rendered":"<p>M\u00e9xico asisti\u00f3 a la COP26 de las Naciones Unidas en Glasgow el pasado noviembre, junto con otros 120 jefes de estado de numerosos pa\u00edses y un total de 40.000 participantes inscritos. La Conferencia anual de las Naciones Unidas sobre el Cambio Clim\u00e1tico tiene como objetivo seguir y debatir el cumplimiento de las acciones acordadas en [&hellip;]<\/p>\n","protected":false},"author":17,"featured_media":9590,"comment_status":"closed","ping_status":"closed","sticky":false,"template":"","format":"standard","meta":{"mc4wp_mailchimp_campaign":[],"footnotes":""},"categories":[40],"tags":[],"class_list":["post-9608","post","type-post","status-publish","format-standard","has-post-thumbnail","hentry","category-news-es"],"yoast_head":"<!-- This site is optimized with the Yoast SEO plugin v27.5 - https:\/\/yoast.com\/product\/yoast-seo-wordpress\/ -->\n<title>M\u00e9xico en la lucha contra el cambio clim\u00e1tico - WMP Mexico Advisors<\/title>\n<meta name=\"robots\" content=\"index, follow, max-snippet:-1, max-image-preview:large, max-video-preview:-1\" \/>\n<link rel=\"canonical\" href=\"https:\/\/wmp.mx\/es\/mexico-en-la-lucha-contra-el-cambio-climatico\/\" \/>\n<meta property=\"og:locale\" content=\"es_ES\" \/>\n<meta property=\"og:type\" content=\"article\" \/>\n<meta property=\"og:title\" content=\"M\u00e9xico en la lucha contra el cambio clim\u00e1tico - WMP Mexico Advisors\" \/>\n<meta property=\"og:description\" content=\"M\u00e9xico asisti\u00f3 a la COP26 de las Naciones Unidas en Glasgow el pasado noviembre, junto con otros 120 jefes de estado de numerosos pa\u00edses y un total de 40.000 participantes inscritos. La Conferencia anual de las Naciones Unidas sobre el Cambio Clim\u00e1tico tiene como objetivo seguir y debatir el cumplimiento de las acciones acordadas en [&hellip;]\" \/>\n<meta property=\"og:url\" content=\"https:\/\/wmp.mx\/es\/mexico-en-la-lucha-contra-el-cambio-climatico\/\" \/>\n<meta property=\"og:site_name\" content=\"WMP Mexico Advisors\" \/>\n<meta property=\"article:published_time\" content=\"2022-05-11T21:57:03+00:00\" \/>\n<meta property=\"article:modified_time\" content=\"2022-05-19T17:08:19+00:00\" \/>\n<meta property=\"og:image\" content=\"https:\/\/wmp.mx\/UP1\/wp-content\/uploads\/Klimawandel.png\" \/>\n\t<meta property=\"og:image:width\" content=\"922\" \/>\n\t<meta property=\"og:image:height\" content=\"617\" \/>\n\t<meta property=\"og:image:type\" content=\"image\/png\" \/>\n<meta name=\"author\" content=\"Liv Winterfeldt\" \/>\n<meta name=\"twitter:card\" content=\"summary_large_image\" \/>\n<meta name=\"twitter:label1\" content=\"Written by\" \/>\n\t<meta name=\"twitter:data1\" content=\"Liv Winterfeldt\" \/>\n\t<meta name=\"twitter:label2\" content=\"Est. reading time\" \/>\n\t<meta name=\"twitter:data2\" content=\"2 minutes\" \/>\n<script type=\"application\/ld+json\" class=\"yoast-schema-graph\">{\"@context\":\"https:\\\/\\\/schema.org\",\"@graph\":[{\"@type\":\"Article\",\"@id\":\"https:\\\/\\\/wmp.mx\\\/es\\\/mexico-en-la-lucha-contra-el-cambio-climatico\\\/#article\",\"isPartOf\":{\"@id\":\"https:\\\/\\\/wmp.mx\\\/es\\\/mexico-en-la-lucha-contra-el-cambio-climatico\\\/\"},\"author\":{\"name\":\"Liv Winterfeldt\",\"@id\":\"https:\\\/\\\/wmp.mx\\\/#\\\/schema\\\/person\\\/3c9538a21ca298c9e6eaab89731cf8f7\"},\"headline\":\"M\u00e9xico en la lucha contra el cambio clim\u00e1tico\",\"datePublished\":\"2022-05-11T21:57:03+00:00\",\"dateModified\":\"2022-05-19T17:08:19+00:00\",\"mainEntityOfPage\":{\"@id\":\"https:\\\/\\\/wmp.mx\\\/es\\\/mexico-en-la-lucha-contra-el-cambio-climatico\\\/\"},\"wordCount\":448,\"image\":{\"@id\":\"https:\\\/\\\/wmp.mx\\\/es\\\/mexico-en-la-lucha-contra-el-cambio-climatico\\\/#primaryimage\"},\"thumbnailUrl\":\"https:\\\/\\\/wmp.mx\\\/UP1\\\/wp-content\\\/uploads\\\/Klimawandel.png\",\"articleSection\":[\"News\"],\"inLanguage\":\"es-ES\"},{\"@type\":\"WebPage\",\"@id\":\"https:\\\/\\\/wmp.mx\\\/es\\\/mexico-en-la-lucha-contra-el-cambio-climatico\\\/\",\"url\":\"https:\\\/\\\/wmp.mx\\\/es\\\/mexico-en-la-lucha-contra-el-cambio-climatico\\\/\",\"name\":\"M\u00e9xico en la lucha contra el cambio clim\u00e1tico - WMP Mexico Advisors\",\"isPartOf\":{\"@id\":\"https:\\\/\\\/wmp.mx\\\/#website\"},\"primaryImageOfPage\":{\"@id\":\"https:\\\/\\\/wmp.mx\\\/es\\\/mexico-en-la-lucha-contra-el-cambio-climatico\\\/#primaryimage\"},\"image\":{\"@id\":\"https:\\\/\\\/wmp.mx\\\/es\\\/mexico-en-la-lucha-contra-el-cambio-climatico\\\/#primaryimage\"},\"thumbnailUrl\":\"https:\\\/\\\/wmp.mx\\\/UP1\\\/wp-content\\\/uploads\\\/Klimawandel.png\",\"datePublished\":\"2022-05-11T21:57:03+00:00\",\"dateModified\":\"2022-05-19T17:08:19+00:00\",\"author\":{\"@id\":\"https:\\\/\\\/wmp.mx\\\/#\\\/schema\\\/person\\\/3c9538a21ca298c9e6eaab89731cf8f7\"},\"breadcrumb\":{\"@id\":\"https:\\\/\\\/wmp.mx\\\/es\\\/mexico-en-la-lucha-contra-el-cambio-climatico\\\/#breadcrumb\"},\"inLanguage\":\"es-ES\",\"potentialAction\":[{\"@type\":\"ReadAction\",\"target\":[\"https:\\\/\\\/wmp.mx\\\/es\\\/mexico-en-la-lucha-contra-el-cambio-climatico\\\/\"]}]},{\"@type\":\"ImageObject\",\"inLanguage\":\"es-ES\",\"@id\":\"https:\\\/\\\/wmp.mx\\\/es\\\/mexico-en-la-lucha-contra-el-cambio-climatico\\\/#primaryimage\",\"url\":\"https:\\\/\\\/wmp.mx\\\/UP1\\\/wp-content\\\/uploads\\\/Klimawandel.png\",\"contentUrl\":\"https:\\\/\\\/wmp.mx\\\/UP1\\\/wp-content\\\/uploads\\\/Klimawandel.png\",\"width\":922,\"height\":617},{\"@type\":\"BreadcrumbList\",\"@id\":\"https:\\\/\\\/wmp.mx\\\/es\\\/mexico-en-la-lucha-contra-el-cambio-climatico\\\/#breadcrumb\",\"itemListElement\":[{\"@type\":\"ListItem\",\"position\":1,\"name\":\"Startseite\",\"item\":\"https:\\\/\\\/wmp.mx\\\/es\\\/inicio\\\/\"},{\"@type\":\"ListItem\",\"position\":2,\"name\":\"M\u00e9xico en la lucha contra el cambio clim\u00e1tico\"}]},{\"@type\":\"WebSite\",\"@id\":\"https:\\\/\\\/wmp.mx\\\/#website\",\"url\":\"https:\\\/\\\/wmp.mx\\\/\",\"name\":\"WMP Mexico Advisors\",\"description\":\"Queretaro | Mexiko Stadt | Puebla | Stuttgart | Greenville\",\"potentialAction\":[{\"@type\":\"SearchAction\",\"target\":{\"@type\":\"EntryPoint\",\"urlTemplate\":\"https:\\\/\\\/wmp.mx\\\/?s={search_term_string}\"},\"query-input\":{\"@type\":\"PropertyValueSpecification\",\"valueRequired\":true,\"valueName\":\"search_term_string\"}}],\"inLanguage\":\"es-ES\"},{\"@type\":\"Person\",\"@id\":\"https:\\\/\\\/wmp.mx\\\/#\\\/schema\\\/person\\\/3c9538a21ca298c9e6eaab89731cf8f7\",\"name\":\"Liv Winterfeldt\",\"image\":{\"@type\":\"ImageObject\",\"inLanguage\":\"es-ES\",\"@id\":\"https:\\\/\\\/secure.gravatar.com\\\/avatar\\\/3d26b249f471b3d44d31916bb084e76206caac1239130bb66efe719c7cddd441?s=96&d=mm&r=g\",\"url\":\"https:\\\/\\\/secure.gravatar.com\\\/avatar\\\/3d26b249f471b3d44d31916bb084e76206caac1239130bb66efe719c7cddd441?s=96&d=mm&r=g\",\"contentUrl\":\"https:\\\/\\\/secure.gravatar.com\\\/avatar\\\/3d26b249f471b3d44d31916bb084e76206caac1239130bb66efe719c7cddd441?s=96&d=mm&r=g\",\"caption\":\"Liv Winterfeldt\"}}]}<\/script>\n<!-- \/ Yoast SEO plugin. -->","yoast_head_json":{"title":"M\u00e9xico en la lucha contra el cambio clim\u00e1tico - WMP Mexico Advisors","robots":{"index":"index","follow":"follow","max-snippet":"max-snippet:-1","max-image-preview":"max-image-preview:large","max-video-preview":"max-video-preview:-1"},"canonical":"https:\/\/wmp.mx\/es\/mexico-en-la-lucha-contra-el-cambio-climatico\/","og_locale":"es_ES","og_type":"article","og_title":"M\u00e9xico en la lucha contra el cambio clim\u00e1tico - WMP Mexico Advisors","og_description":"M\u00e9xico asisti\u00f3 a la COP26 de las Naciones Unidas en Glasgow el pasado noviembre, junto con otros 120 jefes de estado de numerosos pa\u00edses y un total de 40.000 participantes inscritos. La Conferencia anual de las Naciones Unidas sobre el Cambio Clim\u00e1tico tiene como objetivo seguir y debatir el cumplimiento de las acciones acordadas en [&hellip;]","og_url":"https:\/\/wmp.mx\/es\/mexico-en-la-lucha-contra-el-cambio-climatico\/","og_site_name":"WMP Mexico Advisors","article_published_time":"2022-05-11T21:57:03+00:00","article_modified_time":"2022-05-19T17:08:19+00:00","og_image":[{"width":922,"height":617,"url":"https:\/\/wmp.mx\/UP1\/wp-content\/uploads\/Klimawandel.png","type":"image\/png"}],"author":"Liv Winterfeldt","twitter_card":"summary_large_image","twitter_misc":{"Written by":"Liv Winterfeldt","Est. reading time":"2 minutes"},"schema":{"@context":"https:\/\/schema.org","@graph":[{"@type":"Article","@id":"https:\/\/wmp.mx\/es\/mexico-en-la-lucha-contra-el-cambio-climatico\/#article","isPartOf":{"@id":"https:\/\/wmp.mx\/es\/mexico-en-la-lucha-contra-el-cambio-climatico\/"},"author":{"name":"Liv Winterfeldt","@id":"https:\/\/wmp.mx\/#\/schema\/person\/3c9538a21ca298c9e6eaab89731cf8f7"},"headline":"M\u00e9xico en la lucha contra el cambio clim\u00e1tico","datePublished":"2022-05-11T21:57:03+00:00","dateModified":"2022-05-19T17:08:19+00:00","mainEntityOfPage":{"@id":"https:\/\/wmp.mx\/es\/mexico-en-la-lucha-contra-el-cambio-climatico\/"},"wordCount":448,"image":{"@id":"https:\/\/wmp.mx\/es\/mexico-en-la-lucha-contra-el-cambio-climatico\/#primaryimage"},"thumbnailUrl":"https:\/\/wmp.mx\/UP1\/wp-content\/uploads\/Klimawandel.png","articleSection":["News"],"inLanguage":"es-ES"},{"@type":"WebPage","@id":"https:\/\/wmp.mx\/es\/mexico-en-la-lucha-contra-el-cambio-climatico\/","url":"https:\/\/wmp.mx\/es\/mexico-en-la-lucha-contra-el-cambio-climatico\/","name":"M\u00e9xico en la lucha contra el cambio clim\u00e1tico - WMP Mexico Advisors","isPartOf":{"@id":"https:\/\/wmp.mx\/#website"},"primaryImageOfPage":{"@id":"https:\/\/wmp.mx\/es\/mexico-en-la-lucha-contra-el-cambio-climatico\/#primaryimage"},"image":{"@id":"https:\/\/wmp.mx\/es\/mexico-en-la-lucha-contra-el-cambio-climatico\/#primaryimage"},"thumbnailUrl":"https:\/\/wmp.mx\/UP1\/wp-content\/uploads\/Klimawandel.png","datePublished":"2022-05-11T21:57:03+00:00","dateModified":"2022-05-19T17:08:19+00:00","author":{"@id":"https:\/\/wmp.mx\/#\/schema\/person\/3c9538a21ca298c9e6eaab89731cf8f7"},"breadcrumb":{"@id":"https:\/\/wmp.mx\/es\/mexico-en-la-lucha-contra-el-cambio-climatico\/#breadcrumb"},"inLanguage":"es-ES","potentialAction":[{"@type":"ReadAction","target":["https:\/\/wmp.mx\/es\/mexico-en-la-lucha-contra-el-cambio-climatico\/"]}]},{"@type":"ImageObject","inLanguage":"es-ES","@id":"https:\/\/wmp.mx\/es\/mexico-en-la-lucha-contra-el-cambio-climatico\/#primaryimage","url":"https:\/\/wmp.mx\/UP1\/wp-content\/uploads\/Klimawandel.png","contentUrl":"https:\/\/wmp.mx\/UP1\/wp-content\/uploads\/Klimawandel.png","width":922,"height":617},{"@type":"BreadcrumbList","@id":"https:\/\/wmp.mx\/es\/mexico-en-la-lucha-contra-el-cambio-climatico\/#breadcrumb","itemListElement":[{"@type":"ListItem","position":1,"name":"Startseite","item":"https:\/\/wmp.mx\/es\/inicio\/"},{"@type":"ListItem","position":2,"name":"M\u00e9xico en la lucha contra el cambio clim\u00e1tico"}]},{"@type":"WebSite","@id":"https:\/\/wmp.mx\/#website","url":"https:\/\/wmp.mx\/","name":"WMP Mexico Advisors","description":"Queretaro | Mexiko Stadt | Puebla | Stuttgart | Greenville","potentialAction":[{"@type":"SearchAction","target":{"@type":"EntryPoint","urlTemplate":"https:\/\/wmp.mx\/?s={search_term_string}"},"query-input":{"@type":"PropertyValueSpecification","valueRequired":true,"valueName":"search_term_string"}}],"inLanguage":"es-ES"},{"@type":"Person","@id":"https:\/\/wmp.mx\/#\/schema\/person\/3c9538a21ca298c9e6eaab89731cf8f7","name":"Liv Winterfeldt","image":{"@type":"ImageObject","inLanguage":"es-ES","@id":"https:\/\/secure.gravatar.com\/avatar\/3d26b249f471b3d44d31916bb084e76206caac1239130bb66efe719c7cddd441?s=96&d=mm&r=g","url":"https:\/\/secure.gravatar.com\/avatar\/3d26b249f471b3d44d31916bb084e76206caac1239130bb66efe719c7cddd441?s=96&d=mm&r=g","contentUrl":"https:\/\/secure.gravatar.com\/avatar\/3d26b249f471b3d44d31916bb084e76206caac1239130bb66efe719c7cddd441?s=96&d=mm&r=g","caption":"Liv Winterfeldt"}}]}},"_links":{"self":[{"href":"https:\/\/wmp.mx\/es\/wp-json\/wp\/v2\/posts\/9608","targetHints":{"allow":["GET"]}}],"collection":[{"href":"https:\/\/wmp.mx\/es\/wp-json\/wp\/v2\/posts"}],"about":[{"href":"https:\/\/wmp.mx\/es\/wp-json\/wp\/v2\/types\/post"}],"author":[{"embeddable":true,"href":"https:\/\/wmp.mx\/es\/wp-json\/wp\/v2\/users\/17"}],"replies":[{"embeddable":true,"href":"https:\/\/wmp.mx\/es\/wp-json\/wp\/v2\/comments?post=9608"}],"version-history":[{"count":1,"href":"https:\/\/wmp.mx\/es\/wp-json\/wp\/v2\/posts\/9608\/revisions"}],"predecessor-version":[{"id":9611,"href":"https:\/\/wmp.mx\/es\/wp-json\/wp\/v2\/posts\/9608\/revisions\/9611"}],"wp:featuredmedia":[{"embeddable":true,"href":"https:\/\/wmp.mx\/es\/wp-json\/wp\/v2\/media\/9590"}],"wp:attachment":[{"href":"https:\/\/wmp.mx\/es\/wp-json\/wp\/v2\/media?parent=9608"}],"wp:term":[{"taxonomy":"category","embeddable":true,"href":"https:\/\/wmp.mx\/es\/wp-json\/wp\/v2\/categories?post=9608"},{"taxonomy":"post_tag","embeddable":true,"href":"https:\/\/wmp.mx\/es\/wp-json\/wp\/v2\/tags?post=9608"}],"curies":[{"name":"wp","href":"https:\/\/api.w.org\/{rel}","templated":true}]}}